{"id":119590,"date":"2025-09-11T04:25:58","date_gmt":"2025-09-11T07:25:58","guid":{"rendered":"https:\/\/laurbedigital.com.ar\/noticias\/?p=119590"},"modified":"2025-09-11T04:25:58","modified_gmt":"2025-09-11T07:25:58","slug":"milei-veta-ley-de-emergencia-pediatrica-y-genera-conflicto-en-el-sector-de-salud","status":"publish","type":"post","link":"https:\/\/laurbedigital.com.ar\/noticias\/2025\/09\/11\/milei-veta-ley-de-emergencia-pediatrica-y-genera-conflicto-en-el-sector-de-salud\/","title":{"rendered":"Milei veta ley de emergencia pedi\u00e1trica y genera conflicto en el sector de salud"},"content":{"rendered":"<p>El gobierno de Javier Milei oficializ\u00f3 el veto a la Ley de Emergencia Pedi\u00e1trica, una medida que gener\u00f3 un fuerte rechazo en el \u00e1mbito de la salud y el espectro pol\u00edtico. La decisi\u00f3n, publicada en el Bolet\u00edn Oficial, se conoci\u00f3 justo en la fecha l\u00edmite para su promulgaci\u00f3n o rechazo, sumando una nueva normativa a la lista de proyectos vetados por la actual gesti\u00f3n.<\/p>\n<p>La Ley de Emergencia Pedi\u00e1trica hab\u00eda sido impulsada por legisladores de distintos bloques, logrando un consenso bipartidista que culmin\u00f3 con su aprobaci\u00f3n un\u00e1nime en ambas c\u00e1maras del Congreso. Su objetivo era destinar fondos urgentes a los hospitales pedi\u00e1tricos del pa\u00eds, con especial \u00e9nfasis en el <b>Hospital Garrahan<\/b>, una instituci\u00f3n de referencia nacional, para garantizar su funcionamiento pleno y sostenido.<\/p>\n<h3>El argumento del Gobierno<\/h3>\n<p>Desde el Poder Ejecutivo, el argumento central para el veto se bas\u00f3 en el art\u00edculo 84 de la Constituci\u00f3n Nacional. Seg\u00fan lo expresado por fuentes oficiales, la ley no contaba con el \u00absost\u00e9n presupuestario necesario\u00bb y su implementaci\u00f3n \u00abafectar\u00eda el equilibrio fiscal\u00bb que el Gobierno prioriza. La administraci\u00f3n de Milei sostiene que cualquier incremento en el gasto p\u00fablico debe ser debatido y aprobado en el marco del Presupuesto Nacional para no comprometer la meta de d\u00e9ficit cero.<\/p>\n<p>El proyecto de ley vetado, adem\u00e1s de declarar la emergencia por un per\u00edodo de dos a\u00f1os, contemplaba la asignaci\u00f3n de partidas especiales para la compra de insumos, equipamiento m\u00e9dico y, crucialmente, para la recomposici\u00f3n salarial del personal de salud especializado en pediatr\u00eda. Este sector ha sido uno de los m\u00e1s afectados por la crisis econ\u00f3mica, con profesionales que, debido a los bajos salarios, han dejado el sistema de salud p\u00fablico.<\/p>\n<h3>Reacciones pol\u00edticas y sociales<\/h3>\n<p>La decisi\u00f3n del veto desat\u00f3 una ola de cr\u00edticas en el arco pol\u00edtico y social. Desde el Congreso, distintos diputados y senadores que promovieron la ley manifestaron su indignaci\u00f3n y anunciaron que buscar\u00e1n revertir el veto en el Parlamento. Para ello, necesitar\u00e1n reunir una mayor\u00eda de dos tercios de los votos en ambas c\u00e1maras, un escenario que se vislumbra como una nueva prueba de fuerza entre el Ejecutivo y el Legislativo.<\/p>\n<p>El sector de la salud tambi\u00e9n expres\u00f3 su repudio. Organizaciones m\u00e9dicas, gremios y trabajadores del Hospital Garrahan advirtieron sobre las consecuencias directas de esta decisi\u00f3n, que agrava la precaria situaci\u00f3n en la atenci\u00f3n infantil. La falta de insumos, el equipamiento obsoleto y las guardias desbordadas son algunas de las problem\u00e1ticas que la ley buscaba mitigar, y su rechazo profundiza la crisis en un \u00e1rea vital.<\/p>\n<p>El veto a la emergencia pedi\u00e1trica se suma a una serie de medidas de este tipo por parte del presidente Javier Milei, consolidando su enfoque de ajuste fiscal por encima de otras prioridades sociales. Entre los vetos m\u00e1s resonantes de su gesti\u00f3n se encuentran el de la Ley de Financiamiento Universitario, la de movilidad jubilatoria y la de moratoria previsional. La reversi\u00f3n reciente del veto a la Ley de Emergencia en Discapacidad por parte del Congreso podr\u00eda sentar un precedente para el futuro de esta nueva disputa legislativa.<\/p>\n<h3>Impacto en la atenci\u00f3n pedi\u00e1trica<\/h3>\n<p>La anulaci\u00f3n de la ley deja en una situaci\u00f3n de mayor vulnerabilidad a miles de ni\u00f1os y ni\u00f1as que dependen de la salud p\u00fablica. El Hospital Garrahan, que atiende una gran proporci\u00f3n de casos complejos, incluidos tratamientos oncol\u00f3gicos, es el epicentro de esta crisis. El personal de la instituci\u00f3n ha manifestado su preocupaci\u00f3n ante la falta de recursos, que podr\u00eda afectar directamente la calidad y la continuidad de los servicios. La discusi\u00f3n ahora se traslada al Congreso, donde la oposici\u00f3n evaluar\u00e1 si tiene la capacidad de reunir los votos necesarios para insistir con el proyecto y revertir la decisi\u00f3n presidencial.<\/p>\n","protected":false},"excerpt":{"rendered":"<p>El gobierno de Javier Milei oficializ\u00f3 el veto a la Ley de Emergencia Pedi\u00e1trica, una medida que gener\u00f3 un fuerte<\/p>\n","protected":false},"author":1,"featured_media":116385,"comment_status":"closed","ping_status":"closed","sticky":false,"template":"","format":"standard","meta":{"kia_subtitle":"El presidente Javier Milei vet\u00f3 por completo la Ley de Emergencia Pedi\u00e1trica, una medida que hab\u00eda sido sancionada por unanimidad en el Congreso de la Naci\u00f3n. El veto busca la defensa del equilibrio fiscal.","footnotes":"","jetpack_publicize_message":"","jetpack_publicize_feature_enabled":true,"jetpack_social_post_already_shared":true,"jetpack_social_options":{"image_generator_settings":{"template":"highway","default_image_id":0,"font":"","enabled":false},"version":2}},"categories":[3,41],"tags":[],"class_list":["post-119590","post","type-post","status-publish","format-standard","has-post-thumbnail","hentry","category-actualidad","category-nacionales"],"jetpack_publicize_connections":[],"jetpack_featured_media_url":"https:\/\/laurbedigital.com.ar\/noticias\/wp-content\/uploads\/2025\/05\/20250529-Hospital-Garrahan.jpg","_links":{"self":[{"href":"https:\/\/laurbedigital.com.ar\/noticias\/wp-json\/wp\/v2\/posts\/119590","targetHints":{"allow":["GET"]}}],"collection":[{"href":"https:\/\/laurbedigital.com.ar\/noticias\/wp-json\/wp\/v2\/posts"}],"about":[{"href":"https:\/\/laurbedigital.com.ar\/noticias\/wp-json\/wp\/v2\/types\/post"}],"author":[{"embeddable":true,"href":"https:\/\/laurbedigital.com.ar\/noticias\/wp-json\/wp\/v2\/users\/1"}],"replies":[{"embeddable":true,"href":"https:\/\/laurbedigital.com.ar\/noticias\/wp-json\/wp\/v2\/comments?post=119590"}],"version-history":[{"count":1,"href":"https:\/\/laurbedigital.com.ar\/noticias\/wp-json\/wp\/v2\/posts\/119590\/revisions"}],"predecessor-version":[{"id":119591,"href":"https:\/\/laurbedigital.com.ar\/noticias\/wp-json\/wp\/v2\/posts\/119590\/revisions\/119591"}],"wp:featuredmedia":[{"embeddable":true,"href":"https:\/\/laurbedigital.com.ar\/noticias\/wp-json\/wp\/v2\/media\/116385"}],"wp:attachment":[{"href":"https:\/\/laurbedigital.com.ar\/noticias\/wp-json\/wp\/v2\/media?parent=119590"}],"wp:term":[{"taxonomy":"category","embeddable":true,"href":"https:\/\/laurbedigital.com.ar\/noticias\/wp-json\/wp\/v2\/categories?post=119590"},{"taxonomy":"post_tag","embeddable":true,"href":"https:\/\/laurbedigital.com.ar\/noticias\/wp-json\/wp\/v2\/tags?post=119590"}],"curies":[{"name":"wp","href":"https:\/\/api.w.org\/{rel}","templated":true}]}}