{"id":119587,"date":"2025-09-11T04:20:06","date_gmt":"2025-09-11T07:20:06","guid":{"rendered":"https:\/\/laurbedigital.com.ar\/noticias\/?p=119587"},"modified":"2025-09-11T04:20:06","modified_gmt":"2025-09-11T07:20:06","slug":"dia-del-maestro","status":"publish","type":"post","link":"https:\/\/laurbedigital.com.ar\/noticias\/2025\/09\/11\/dia-del-maestro\/","title":{"rendered":"11 de septiembre, el d\u00eda en que se honra la educaci\u00f3n en Argentina"},"content":{"rendered":"<p>Cada 11 de septiembre, la Argentina se viste de celebraci\u00f3n para honrar a sus educadores en el <b>D\u00eda del Maestro<\/b>. La fecha no es casual, sino que rinde homenaje a una de las figuras m\u00e1s importantes de la historia nacional: <b>Domingo Faustino Sarmiento<\/b>, pol\u00edtico, escritor y, sobre todo, un incansable promotor de la educaci\u00f3n.<\/p>\n<p>El 11 de septiembre de 1888, Sarmiento falleci\u00f3 en Asunci\u00f3n, Paraguay, a los 77 a\u00f1os. Su muerte marc\u00f3 el fin de una vida dedicada a la causa de la ense\u00f1anza y el progreso del pa\u00eds. Su legado, que incluy\u00f3 la creaci\u00f3n de escuelas normales, la Ley de Educaci\u00f3n Com\u00fan y la promoci\u00f3n de la educaci\u00f3n p\u00fablica, lo convirti\u00f3 en el \u00abpadre del aula\u00bb y en el principal referente de la educaci\u00f3n en Argentina.<\/p>\n<p><img loading=\"lazy\" decoding=\"async\" class=\"alignnone size-full wp-image-82215\" src=\"https:\/\/laurbedigital.com.ar\/noticias\/wp-content\/uploads\/2022\/09\/20220911-Sarmiento.jpg\" alt=\"\" width=\"768\" height=\"428\" title=\"\" srcset=\"https:\/\/laurbedigital.com.ar\/noticias\/wp-content\/uploads\/2022\/09\/20220911-Sarmiento.jpg 768w, https:\/\/laurbedigital.com.ar\/noticias\/wp-content\/uploads\/2022\/09\/20220911-Sarmiento-300x167.jpg 300w\" sizes=\"auto, (max-width: 768px) 100vw, 768px\" \/><\/p>\n<h3>La historia detr\u00e1s de la fecha<\/h3>\n<p>La elecci\u00f3n del 11 de septiembre como D\u00eda del Maestro fue propuesta en 1943, durante la <b>Primera Conferencia Interamericana de Educaci\u00f3n<\/b>, que tuvo lugar en Panam\u00e1. La iniciativa fue presentada por el educador argentino Juan Carlos Astolfi, quien propuso la fecha en honor al aniversario del fallecimiento de Sarmiento. La propuesta fue aceptada por unanimidad y, en 1945, el gobierno argentino la oficializ\u00f3 a trav\u00e9s de un decreto nacional.<\/p>\n<p>Sarmiento cre\u00eda firmemente que la educaci\u00f3n era la base de la prosperidad de una naci\u00f3n. Desde su presidencia (1868-1874), impuls\u00f3 la construcci\u00f3n de m\u00e1s de 800 escuelas, fund\u00f3 el Observatorio Astron\u00f3mico de C\u00f3rdoba y promovi\u00f3 la creaci\u00f3n de bibliotecas populares en todo el pa\u00eds. Su visi\u00f3n no se limit\u00f3 a la ense\u00f1anza elemental; tambi\u00e9n se preocup\u00f3 por la formaci\u00f3n docente, trayendo maestras de Estados Unidos para fundar las primeras escuelas normales, que ser\u00edan los pilares de la formaci\u00f3n de los futuros educadores argentinos.<\/p>\n<h3>Un legado que trasciende el tiempo<\/h3>\n<p>A m\u00e1s de 130 a\u00f1os de su muerte, la figura de Sarmiento sigue siendo objeto de debate, pero su aporte a la educaci\u00f3n p\u00fablica es indiscutible. La celebraci\u00f3n del 11 de septiembre es un recordatorio de la importancia de la labor de los docentes, quienes, d\u00eda a d\u00eda, con su compromiso y dedicaci\u00f3n, contin\u00faan el legado de Sarmiento, formando a las nuevas generaciones y construyendo el futuro del pa\u00eds.<\/p>\n<p>La fecha invita a reflexionar sobre el papel fundamental de los maestros en la sociedad, su rol en la transmisi\u00f3n de conocimientos y valores, y los desaf\u00edos que enfrenta la educaci\u00f3n en la actualidad. M\u00e1s all\u00e1 de los actos y ceremonias protocolares, el <b>D\u00eda del Maestro<\/b> es una oportunidad para agradecer a quienes dedican su vida a ense\u00f1ar, inspirar y guiar a sus alumnos en el camino del saber.<\/p>\n<p>&nbsp;<\/p>\n<p>&nbsp;<\/p>\n","protected":false},"excerpt":{"rendered":"<p>Cada 11 de septiembre, la Argentina se viste de celebraci\u00f3n para honrar a sus educadores en el D\u00eda del Maestro.<\/p>\n","protected":false},"author":1,"featured_media":82214,"comment_status":"closed","ping_status":"closed","sticky":false,"template":"","format":"standard","meta":{"kia_subtitle":"Cada 11 de septiembre, Argentina conmemora el D\u00eda del Maestro en honor a Domingo Faustino Sarmiento, figura clave en la historia del pa\u00eds. Su legado fue fundamental para el desarrollo de la educaci\u00f3n p\u00fablica.","footnotes":"","jetpack_publicize_message":"","jetpack_publicize_feature_enabled":true,"jetpack_social_post_already_shared":true,"jetpack_social_options":{"image_generator_settings":{"template":"highway","default_image_id":0,"font":"","enabled":false},"version":2}},"categories":[5,2594],"tags":[],"class_list":["post-119587","post","type-post","status-publish","format-standard","has-post-thumbnail","hentry","category-cultura","category-efemerides"],"jetpack_publicize_connections":[],"jetpack_featured_media_url":"https:\/\/laurbedigital.com.ar\/noticias\/wp-content\/uploads\/2022\/09\/20220911-dia-del-maestro.jpg","_links":{"self":[{"href":"https:\/\/laurbedigital.com.ar\/noticias\/wp-json\/wp\/v2\/posts\/119587","targetHints":{"allow":["GET"]}}],"collection":[{"href":"https:\/\/laurbedigital.com.ar\/noticias\/wp-json\/wp\/v2\/posts"}],"about":[{"href":"https:\/\/laurbedigital.com.ar\/noticias\/wp-json\/wp\/v2\/types\/post"}],"author":[{"embeddable":true,"href":"https:\/\/laurbedigital.com.ar\/noticias\/wp-json\/wp\/v2\/users\/1"}],"replies":[{"embeddable":true,"href":"https:\/\/laurbedigital.com.ar\/noticias\/wp-json\/wp\/v2\/comments?post=119587"}],"version-history":[{"count":2,"href":"https:\/\/laurbedigital.com.ar\/noticias\/wp-json\/wp\/v2\/posts\/119587\/revisions"}],"predecessor-version":[{"id":119589,"href":"https:\/\/laurbedigital.com.ar\/noticias\/wp-json\/wp\/v2\/posts\/119587\/revisions\/119589"}],"wp:featuredmedia":[{"embeddable":true,"href":"https:\/\/laurbedigital.com.ar\/noticias\/wp-json\/wp\/v2\/media\/82214"}],"wp:attachment":[{"href":"https:\/\/laurbedigital.com.ar\/noticias\/wp-json\/wp\/v2\/media?parent=119587"}],"wp:term":[{"taxonomy":"category","embeddable":true,"href":"https:\/\/laurbedigital.com.ar\/noticias\/wp-json\/wp\/v2\/categories?post=119587"},{"taxonomy":"post_tag","embeddable":true,"href":"https:\/\/laurbedigital.com.ar\/noticias\/wp-json\/wp\/v2\/tags?post=119587"}],"curies":[{"name":"wp","href":"https:\/\/api.w.org\/{rel}","templated":true}]}}