{"id":119572,"date":"2025-09-10T13:24:24","date_gmt":"2025-09-10T16:24:24","guid":{"rendered":"https:\/\/laurbedigital.com.ar\/noticias\/?p=119572"},"modified":"2025-09-10T13:24:24","modified_gmt":"2025-09-10T16:24:24","slug":"2x1-a-las-heladerias-de-alte-brown","status":"publish","type":"post","link":"https:\/\/laurbedigital.com.ar\/noticias\/2025\/09\/10\/2x1-a-las-heladerias-de-alte-brown\/","title":{"rendered":"Hoy mi\u00e9rcoles llega el 2&#215;1 a las helader\u00edas de Alte Brown"},"content":{"rendered":"<div dir=\"ltr\">\n<div>\n<p>En efecto, durante el mes de la primavera las vecinas y vecinos podr\u00e1n darse el gusto y acceder a un atractivo descuento que ofrecen diversas helader\u00edas de Almirante Brown.<\/p>\n<p>El buen tiempo y las temperaturas m\u00e1s c\u00e1lidas que nos acompa\u00f1an en los \u00faltimos d\u00edas, nos invitan a salir y a recrearnos y por qu\u00e9 no a disfrutar de un rico helado en familia o con amigos.<\/p>\n<p><img loading=\"lazy\" decoding=\"async\" class=\"alignnone wp-image-119574 size-full\" src=\"https:\/\/laurbedigital.com.ar\/noticias\/wp-content\/uploads\/2025\/09\/2025090910-Brown-Helado-1.jpg\" alt=\"2x1 a las helader\u00edas de Alte Brown\" width=\"768\" height=\"428\" title=\"\" srcset=\"https:\/\/laurbedigital.com.ar\/noticias\/wp-content\/uploads\/2025\/09\/2025090910-Brown-Helado-1.jpg 768w, https:\/\/laurbedigital.com.ar\/noticias\/wp-content\/uploads\/2025\/09\/2025090910-Brown-Helado-1-300x167.jpg 300w\" sizes=\"auto, (max-width: 768px) 100vw, 768px\" \/><\/p>\n<p>Llega otro mi\u00e9rcoles de septiembre y a trav\u00e9s de la iniciativa municipal \u201cDate el Gusto\u201d, los vecinos podr\u00e1n deleitarse de los exquisitos sabores de dos helados en cucurucho y abonar solo uno.<\/p>\n<p><img loading=\"lazy\" decoding=\"async\" class=\"alignnone wp-image-119576 size-full\" src=\"https:\/\/laurbedigital.com.ar\/noticias\/wp-content\/uploads\/2025\/09\/2025090910-Brown-Helado-3.jpg\" alt=\"2x1 a las helader\u00edas de Alte Brown\" width=\"768\" height=\"428\" title=\"\" srcset=\"https:\/\/laurbedigital.com.ar\/noticias\/wp-content\/uploads\/2025\/09\/2025090910-Brown-Helado-3.jpg 768w, https:\/\/laurbedigital.com.ar\/noticias\/wp-content\/uploads\/2025\/09\/2025090910-Brown-Helado-3-300x167.jpg 300w\" sizes=\"auto, (max-width: 768px) 100vw, 768px\" \/><\/p>\n<p>Vale recordar que las helader\u00edas adheridas son, en Adrogu\u00e9: \u201cRiviera\u201d, en Esteban Adrogu\u00e9 1114 (local 7), Av. Hip\u00f3lito Yrigoyen 13.298 (Boulevard Shopping) y Av. Hip\u00f3lito Yrigoyen 12.905; \u201cLa Veneciana\u201d en sus sucursales de Hip\u00f3lito Yrigoyen 12.986, y Avenida Espora 563; y \u201cChungo\u201d, en Esteban Adrogu\u00e9 1107 (local 5 B). En Burzaco, \u201cLa Gran V\u00eda\u201d, ubicada en Eugenio de Burzaco 642, y Andina, en Avenida Espora 3525. En Glew, \u201cLa Casita de Noel\u201d, en Av. Almafuerte 16; en Longchamps, en Frahel, situada en Av. Hip\u00f3lito Yrigoyen 18.253. Y en San Jos\u00e9, Helader\u00eda \u201cSan Remo\u201d, en sus locales de Salta 615 y Salta 1249.<\/p>\n<p><img loading=\"lazy\" decoding=\"async\" class=\"alignnone wp-image-119575 size-full\" src=\"https:\/\/laurbedigital.com.ar\/noticias\/wp-content\/uploads\/2025\/09\/2025090910-Brown-Helado-2.jpg\" alt=\"2x1 a las helader\u00edas de Alte Brown\" width=\"768\" height=\"428\" title=\"\" srcset=\"https:\/\/laurbedigital.com.ar\/noticias\/wp-content\/uploads\/2025\/09\/2025090910-Brown-Helado-2.jpg 768w, https:\/\/laurbedigital.com.ar\/noticias\/wp-content\/uploads\/2025\/09\/2025090910-Brown-Helado-2-300x167.jpg 300w\" sizes=\"auto, (max-width: 768px) 100vw, 768px\" \/><\/p>\n<h5><strong><em>\u201cInvitamos a nuestros vecinos no solo a disfrutar de un rico helado sino a aprovechar las promociones que llegan en septiembre con la incipiente primavera a las helader\u00edas del distrito, ofreciendo, todos los mi\u00e9rcoles, dos helados en cucurucho al precio de uno\u201d, indic\u00f3 el intendente de Almirante Brown, Mariano Cascallares.<\/em><\/strong><\/h5>\n<\/div>\n<\/div>\n","protected":false},"excerpt":{"rendered":"<p>En efecto, durante el mes de la primavera las vecinas y vecinos podr\u00e1n darse el gusto y acceder a un<\/p>\n","protected":false},"author":1,"featured_media":119573,"comment_status":"closed","ping_status":"closed","sticky":false,"template":"","format":"standard","meta":{"kia_subtitle":"Hoy y todos los mi\u00e9rcoles de septiembre llega el 2 x 1 en helader\u00edas de nuestro distrito, una suculenta promoci\u00f3n de helados en cucurucho.","footnotes":"","jetpack_publicize_message":"","jetpack_publicize_feature_enabled":true,"jetpack_social_post_already_shared":true,"jetpack_social_options":{"image_generator_settings":{"template":"highway","default_image_id":0,"font":"","enabled":false},"version":2}},"categories":[2,33],"tags":[],"class_list":["post-119572","post","type-post","status-publish","format-standard","has-post-thumbnail","hentry","category-alte-brown","category-alte-brown-alte-brown"],"jetpack_publicize_connections":[],"jetpack_featured_media_url":"https:\/\/laurbedigital.com.ar\/noticias\/wp-content\/uploads\/2025\/09\/2025090910-Brown-Helado.jpg","_links":{"self":[{"href":"https:\/\/laurbedigital.com.ar\/noticias\/wp-json\/wp\/v2\/posts\/119572","targetHints":{"allow":["GET"]}}],"collection":[{"href":"https:\/\/laurbedigital.com.ar\/noticias\/wp-json\/wp\/v2\/posts"}],"about":[{"href":"https:\/\/laurbedigital.com.ar\/noticias\/wp-json\/wp\/v2\/types\/post"}],"author":[{"embeddable":true,"href":"https:\/\/laurbedigital.com.ar\/noticias\/wp-json\/wp\/v2\/users\/1"}],"replies":[{"embeddable":true,"href":"https:\/\/laurbedigital.com.ar\/noticias\/wp-json\/wp\/v2\/comments?post=119572"}],"version-history":[{"count":2,"href":"https:\/\/laurbedigital.com.ar\/noticias\/wp-json\/wp\/v2\/posts\/119572\/revisions"}],"predecessor-version":[{"id":119579,"href":"https:\/\/laurbedigital.com.ar\/noticias\/wp-json\/wp\/v2\/posts\/119572\/revisions\/119579"}],"wp:featuredmedia":[{"embeddable":true,"href":"https:\/\/laurbedigital.com.ar\/noticias\/wp-json\/wp\/v2\/media\/119573"}],"wp:attachment":[{"href":"https:\/\/laurbedigital.com.ar\/noticias\/wp-json\/wp\/v2\/media?parent=119572"}],"wp:term":[{"taxonomy":"category","embeddable":true,"href":"https:\/\/laurbedigital.com.ar\/noticias\/wp-json\/wp\/v2\/categories?post=119572"},{"taxonomy":"post_tag","embeddable":true,"href":"https:\/\/laurbedigital.com.ar\/noticias\/wp-json\/wp\/v2\/tags?post=119572"}],"curies":[{"name":"wp","href":"https:\/\/api.w.org\/{rel}","templated":true}]}}