{"id":119569,"date":"2025-09-10T03:25:08","date_gmt":"2025-09-10T06:25:08","guid":{"rendered":"https:\/\/laurbedigital.com.ar\/noticias\/?p=119569"},"modified":"2025-09-10T03:25:08","modified_gmt":"2025-09-10T06:25:08","slug":"whatsapp-como-organizador-personal-como-aprovechar-el-modo-agenda-para-tu-dia-a-dia","status":"publish","type":"post","link":"https:\/\/laurbedigital.com.ar\/noticias\/2025\/09\/10\/whatsapp-como-organizador-personal-como-aprovechar-el-modo-agenda-para-tu-dia-a-dia\/","title":{"rendered":"WhatsApp como organizador personal: c\u00f3mo aprovechar el \u00abmodo agenda\u00bb para tu d\u00eda a d\u00eda"},"content":{"rendered":"<h3>C\u00f3mo activar el modo agenda en WhatsApp<\/h3>\n<p>Activar esta funci\u00f3n es muy sencillo y no requiere de ninguna instalaci\u00f3n adicional. El truco principal consiste en crear un chat contigo mismo. Hay dos maneras de lograrlo:<\/p>\n<ul>\n<li><b>Iniciando un nuevo chat<\/b>: Abre la lista de tus contactos en WhatsApp. Tu propio n\u00famero de tel\u00e9fono deber\u00eda aparecer en la parte superior. Al seleccionarlo, se abrir\u00e1 una conversaci\u00f3n privada en la que podr\u00e1s enviarte mensajes a ti mismo.<\/li>\n<li><b>A\u00f1adi\u00e9ndote como contacto<\/b>: Si no te encuentras en la lista de contactos, simplemente agr\u00e9gate a la agenda de tu tel\u00e9fono. Luego, busca tu nombre en la lista de chats de WhatsApp para tener un acceso directo a esta conversaci\u00f3n personal.<\/li>\n<\/ul>\n<p>Una vez que tengas tu chat personal, puedes empezar a enviar mensajes de texto, audios, im\u00e1genes y documentos, convirtiendo este espacio en tu propio organizador privado.<\/p>\n<h3>Funciones y beneficios del modo agenda<\/h3>\n<p>El \u00abmodo agenda\u00bb de WhatsApp es un sistema pr\u00e1ctico que te permite:<\/p>\n<ul>\n<li><b>Crear listas<\/b>: puedes generar listas de tareas o de compras, marcando lo que ya has completado con un emoji o un distintivo visual.<\/li>\n<li><b>Guardar enlaces<\/b>: centraliza todos esos enlaces de art\u00edculos o videos que quieres revisar m\u00e1s tarde, evitando que se pierdan en otros chats.<\/li>\n<li><b>Almacenar informaci\u00f3n<\/b>: guarda datos importantes, como n\u00fameros de cuenta, direcciones o contrase\u00f1as que no quieres olvidar. La informaci\u00f3n est\u00e1 protegida por el cifrado de extremo a extremo, lo que te garantiza privacidad y seguridad.<\/li>\n<li><b>Usar como nube personal<\/b>: los archivos, im\u00e1genes, y documentos que env\u00edas a tu chat personal se guardan en la nube de WhatsApp, lo que te permite acceder a ellos desde cualquier dispositivo donde tengas tu sesi\u00f3n activa, evitando as\u00ed la p\u00e9rdida de datos.<\/li>\n<\/ul>\n<p>Para quienes necesitan un nivel de organizaci\u00f3n m\u00e1s avanzado o prefieren separar sus proyectos, tambi\u00e9n existe la opci\u00f3n de crear un grupo de WhatsApp en el que solo participes t\u00fa. Esto te permitir\u00e1 tener un espacio centralizado para cada proyecto, ya sea laboral o personal, con recordatorios y archivos relevantes.<\/p>\n<h3>M\u00e1s que una agenda, una herramienta multiusos<\/h3>\n<p>M\u00e1s all\u00e1 de la organizaci\u00f3n b\u00e1sica, las funciones nativas de WhatsApp potencian esta modalidad. Puedes utilizar la opci\u00f3n de <b>\u00abmensajes fijados\u00bb<\/b> para mantener notas o recordatorios importantes visibles en la parte superior del chat. Esto es ideal para fechas de vencimiento, links cruciales o datos que necesitas tener a mano constantemente.<\/p>\n<p>En resumen, el \u00abmodo agenda\u00bb de WhatsApp es una soluci\u00f3n pr\u00e1ctica y sin costo que te permite usar una aplicaci\u00f3n que ya conoces para mejorar tu productividad. Es una alternativa sencilla para aquellos que no quieren descargar otra app de organizaci\u00f3n, aprovechando al m\u00e1ximo las herramientas que ya tienen a su alcance.<\/p>\n","protected":false},"excerpt":{"rendered":"<p>C\u00f3mo activar el modo agenda en WhatsApp Activar esta funci\u00f3n es muy sencillo y no requiere de ninguna instalaci\u00f3n adicional.<\/p>\n","protected":false},"author":1,"featured_media":119570,"comment_status":"closed","ping_status":"closed","sticky":false,"template":"","format":"standard","meta":{"kia_subtitle":"WhatsApp, la popular plataforma de mensajer\u00eda, es mucho m\u00e1s que un simple medio para chatear. Con la llegada de funciones como la conversaci\u00f3n personal, ha surgido una nueva forma de usar la aplicaci\u00f3n, conocida como \"modo agenda\". Esta funcionalidad te permite transformar tu chat con WhatsApp en un organizador personal, donde puedes gestionar tus actividades, guardar notas, y centralizar informaci\u00f3n importante.","footnotes":"","jetpack_publicize_message":"","jetpack_publicize_feature_enabled":true,"jetpack_social_post_already_shared":true,"jetpack_social_options":{"image_generator_settings":{"template":"highway","default_image_id":0,"font":"","enabled":false},"version":2}},"categories":[15],"tags":[],"class_list":["post-119569","post","type-post","status-publish","format-standard","has-post-thumbnail","hentry","category-tendencias"],"jetpack_publicize_connections":[],"jetpack_featured_media_url":"https:\/\/laurbedigital.com.ar\/noticias\/wp-content\/uploads\/2025\/09\/2025090910-WhatsApp.jpg","_links":{"self":[{"href":"https:\/\/laurbedigital.com.ar\/noticias\/wp-json\/wp\/v2\/posts\/119569","targetHints":{"allow":["GET"]}}],"collection":[{"href":"https:\/\/laurbedigital.com.ar\/noticias\/wp-json\/wp\/v2\/posts"}],"about":[{"href":"https:\/\/laurbedigital.com.ar\/noticias\/wp-json\/wp\/v2\/types\/post"}],"author":[{"embeddable":true,"href":"https:\/\/laurbedigital.com.ar\/noticias\/wp-json\/wp\/v2\/users\/1"}],"replies":[{"embeddable":true,"href":"https:\/\/laurbedigital.com.ar\/noticias\/wp-json\/wp\/v2\/comments?post=119569"}],"version-history":[{"count":1,"href":"https:\/\/laurbedigital.com.ar\/noticias\/wp-json\/wp\/v2\/posts\/119569\/revisions"}],"predecessor-version":[{"id":119571,"href":"https:\/\/laurbedigital.com.ar\/noticias\/wp-json\/wp\/v2\/posts\/119569\/revisions\/119571"}],"wp:featuredmedia":[{"embeddable":true,"href":"https:\/\/laurbedigital.com.ar\/noticias\/wp-json\/wp\/v2\/media\/119570"}],"wp:attachment":[{"href":"https:\/\/laurbedigital.com.ar\/noticias\/wp-json\/wp\/v2\/media?parent=119569"}],"wp:term":[{"taxonomy":"category","embeddable":true,"href":"https:\/\/laurbedigital.com.ar\/noticias\/wp-json\/wp\/v2\/categories?post=119569"},{"taxonomy":"post_tag","embeddable":true,"href":"https:\/\/laurbedigital.com.ar\/noticias\/wp-json\/wp\/v2\/tags?post=119569"}],"curies":[{"name":"wp","href":"https:\/\/api.w.org\/{rel}","templated":true}]}}