{"id":119564,"date":"2025-09-10T03:02:15","date_gmt":"2025-09-10T06:02:15","guid":{"rendered":"https:\/\/laurbedigital.com.ar\/noticias\/?p=119564"},"modified":"2025-09-10T03:02:15","modified_gmt":"2025-09-10T06:02:15","slug":"dia-mundial-de-prevencion-del-suicidio-un-llamado-a-la-accion-y-la-conciencia-2","status":"publish","type":"post","link":"https:\/\/laurbedigital.com.ar\/noticias\/2025\/09\/10\/dia-mundial-de-prevencion-del-suicidio-un-llamado-a-la-accion-y-la-conciencia-2\/","title":{"rendered":"D\u00eda Mundial de Prevenci\u00f3n del Suicidio: un llamado a la acci\u00f3n y la conciencia"},"content":{"rendered":"<p>Cada a\u00f1o, m\u00e1s de 700,000 personas mueren por suicidio, lo que representa una muerte cada 40 segundos a nivel mundial, seg\u00fan datos de la OMS. Estas cifras alarmantes revelan la urgencia de abordar esta crisis de salud mental, que no solo impacta a quienes la padecen directamente, sino tambi\u00e9n a sus familias, amigos y comunidades enteras. La prevenci\u00f3n del suicidio es, por tanto, una responsabilidad compartida que requiere de un enfoque multisectorial, involucrando a gobiernos, organizaciones de salud, educadores, medios de comunicaci\u00f3n y a la sociedad en su conjunto.<\/p>\n<p>La estigmatizaci\u00f3n y la falta de informaci\u00f3n siguen siendo los mayores obst\u00e1culos en la prevenci\u00f3n del suicidio. Muchas personas que atraviesan crisis emocionales o mentales temen buscar ayuda por miedo a ser juzgadas o no ser comprendidas. De ah\u00ed la importancia de generar un entorno seguro y comprensivo, donde hablar sobre la salud mental sea tan normal como tratar cualquier otro problema de salud. En este sentido, los medios de comunicaci\u00f3n juegan un rol fundamental al difundir informaci\u00f3n responsable y emp\u00e1tica, as\u00ed como al promover historias de superaci\u00f3n y recursos disponibles para quienes necesitan apoyo.<\/p>\n<p>Este a\u00f1o, la campa\u00f1a global se enfoca en el lema \u00abCrear esperanza a trav\u00e9s de la acci\u00f3n\u00bb. La consigna resalta que, a trav\u00e9s de peque\u00f1os gestos y acciones cotidianas, todos podemos contribuir a salvar vidas. Brindar una palabra de aliento, escuchar sin juzgar, y acompa\u00f1ar a quienes est\u00e1n pasando por momentos dif\u00edciles, son algunas de las formas en las que cada individuo puede marcar una diferencia significativa.<\/p>\n<p>Adem\u00e1s, la OMS y otras organizaciones internacionales promueven la capacitaci\u00f3n de profesionales de la salud y educadores para que puedan identificar se\u00f1ales de riesgo y actuar de manera adecuada. El fortalecimiento de los sistemas de salud mental, la implementaci\u00f3n de pol\u00edticas p\u00fablicas efectivas y la restricci\u00f3n del acceso a medios letales tambi\u00e9n son estrategias claves en la reducci\u00f3n de las tasas de suicidio.<\/p>\n<p>En Argentina, los servicios de atenci\u00f3n como la l\u00ednea 135 del Centro de Asistencia al Suicida de Buenos Aires est\u00e1n disponibles para quienes necesitan hablar o buscan orientaci\u00f3n. Es esencial recordar que hay ayuda disponible y que ning\u00fan problema es tan grande como para enfrentarlo solo.<\/p>\n<p>El D\u00eda Mundial de Prevenci\u00f3n del Suicidio nos recuerda la importancia de estar atentos y de actuar con compasi\u00f3n. Juntos, podemos crear un mundo donde la esperanza prevalezca y donde la vida sea siempre la mejor opci\u00f3n.<\/p>\n","protected":false},"excerpt":{"rendered":"<p>Cada a\u00f1o, m\u00e1s de 700,000 personas mueren por suicidio, lo que representa una muerte cada 40 segundos a nivel mundial,<\/p>\n","protected":false},"author":1,"featured_media":82199,"comment_status":"closed","ping_status":"closed","sticky":false,"template":"","format":"standard","meta":{"kia_subtitle":"El D\u00eda Mundial de Prevenci\u00f3n del Suicidio, instituido por la Organizaci\u00f3n Mundial de la Salud (OMS) y celebrado cada 10 de septiembre, busca sensibilizar y concientizar sobre la importancia de prevenir el suicidio, una problem\u00e1tica global que afecta a millones de personas en todo el mundo.","footnotes":"","jetpack_publicize_message":"","jetpack_publicize_feature_enabled":true,"jetpack_social_post_already_shared":true,"jetpack_social_options":{"image_generator_settings":{"template":"highway","default_image_id":0,"font":"","enabled":false},"version":2}},"categories":[5,2594],"tags":[],"class_list":["post-119564","post","type-post","status-publish","format-standard","has-post-thumbnail","hentry","category-cultura","category-efemerides"],"jetpack_publicize_connections":[],"jetpack_featured_media_url":"https:\/\/laurbedigital.com.ar\/noticias\/wp-content\/uploads\/2022\/09\/20220911-Suicidio.jpg","_links":{"self":[{"href":"https:\/\/laurbedigital.com.ar\/noticias\/wp-json\/wp\/v2\/posts\/119564","targetHints":{"allow":["GET"]}}],"collection":[{"href":"https:\/\/laurbedigital.com.ar\/noticias\/wp-json\/wp\/v2\/posts"}],"about":[{"href":"https:\/\/laurbedigital.com.ar\/noticias\/wp-json\/wp\/v2\/types\/post"}],"author":[{"embeddable":true,"href":"https:\/\/laurbedigital.com.ar\/noticias\/wp-json\/wp\/v2\/users\/1"}],"replies":[{"embeddable":true,"href":"https:\/\/laurbedigital.com.ar\/noticias\/wp-json\/wp\/v2\/comments?post=119564"}],"version-history":[{"count":1,"href":"https:\/\/laurbedigital.com.ar\/noticias\/wp-json\/wp\/v2\/posts\/119564\/revisions"}],"predecessor-version":[{"id":119565,"href":"https:\/\/laurbedigital.com.ar\/noticias\/wp-json\/wp\/v2\/posts\/119564\/revisions\/119565"}],"wp:featuredmedia":[{"embeddable":true,"href":"https:\/\/laurbedigital.com.ar\/noticias\/wp-json\/wp\/v2\/media\/82199"}],"wp:attachment":[{"href":"https:\/\/laurbedigital.com.ar\/noticias\/wp-json\/wp\/v2\/media?parent=119564"}],"wp:term":[{"taxonomy":"category","embeddable":true,"href":"https:\/\/laurbedigital.com.ar\/noticias\/wp-json\/wp\/v2\/categories?post=119564"},{"taxonomy":"post_tag","embeddable":true,"href":"https:\/\/laurbedigital.com.ar\/noticias\/wp-json\/wp\/v2\/tags?post=119564"}],"curies":[{"name":"wp","href":"https:\/\/api.w.org\/{rel}","templated":true}]}}