{"id":119561,"date":"2025-09-10T02:49:22","date_gmt":"2025-09-10T05:49:22","guid":{"rendered":"https:\/\/laurbedigital.com.ar\/noticias\/?p=119561"},"modified":"2025-09-10T02:49:22","modified_gmt":"2025-09-10T05:49:22","slug":"desempleo-crecen-los-despidos-en-la-industria-ante-caida-de-demanda","status":"publish","type":"post","link":"https:\/\/laurbedigital.com.ar\/noticias\/2025\/09\/10\/desempleo-crecen-los-despidos-en-la-industria-ante-caida-de-demanda\/","title":{"rendered":"Desempleo: crecen los despidos en la industria ante ca\u00edda de demanda"},"content":{"rendered":"<h3>La ca\u00edda de la demanda impulsa los recortes de personal<\/h3>\n<p>Seg\u00fan el \u00faltimo informe de Indicadores Industriales y Expectativas del Centro de Estudios de la <b>UIA<\/b>, en julio la reducci\u00f3n de personal super\u00f3 por primera vez a la disminuci\u00f3n de turnos, lo que se\u00f1ala que las empresas est\u00e1n adoptando medidas m\u00e1s dr\u00e1sticas. La proporci\u00f3n de firmas con ca\u00edda en el empleo alcanz\u00f3 su nivel m\u00e1ximo en la serie (19,4%), una cifra similar a la registrada en abril de 2024. Esto sugiere que muchas empresas est\u00e1n pasando de ajustar horas a despedir personal como siguiente instancia de adaptaci\u00f3n.<\/p>\n<p>La principal preocupaci\u00f3n de los empresarios, se\u00f1alada por el <b>40,1%<\/b> de los encuestados, es la <b>ca\u00edda de la demanda interna<\/b>, especialmente la que proviene de otras industrias (22,5%) y, en menor medida, la de los hogares (17,6%). En segundo lugar figura el aumento de los costos (21,4%), con el costo laboral como factor principal, seguido por las dificultades para competir con productos importados (19%).<\/p>\n<h3>Un panorama econ\u00f3mico complejo y pesimista<\/h3>\n<p>El informe de la UIA no solo se enfoca en el empleo, sino que tambi\u00e9n traza un panorama general de la situaci\u00f3n econ\u00f3mica del sector. Los datos de julio muestran que el <b>36,3%<\/b> de las empresas redujo su nivel de actividad respecto al promedio del segundo trimestre. En t\u00e9rminos de ventas, el <b>43,5%<\/b> report\u00f3 ca\u00eddas.<\/p>\n<p>Las expectativas de las empresas tambi\u00e9n se han moderado. El optimismo sobre la situaci\u00f3n econ\u00f3mica a nivel empresarial baj\u00f3 del 57,8% al 48,6%. Asimismo, el <b>44,1%<\/b> de las empresas report\u00f3 dificultades para afrontar al menos uno de los siguientes pagos: salarios, proveedores, compromisos financieros, tarifas de servicios p\u00fablicos o impuestos, un porcentaje que supera al de los \u00faltimos cuatro relevamientos.<\/p>\n","protected":false},"excerpt":{"rendered":"<p>La ca\u00edda de la demanda impulsa los recortes de personal Seg\u00fan el \u00faltimo informe de Indicadores Industriales y Expectativas del<\/p>\n","protected":false},"author":1,"featured_media":119562,"comment_status":"closed","ping_status":"closed","sticky":false,"template":"","format":"standard","meta":{"kia_subtitle":"Un informe de la Uni\u00f3n Industrial Argentina (UIA) indica que las empresas avanzan con recortes de empleo ante la ca\u00edda de la demanda y la producci\u00f3n, lo que agrava la situaci\u00f3n en el sector.","footnotes":"","jetpack_publicize_message":"","jetpack_publicize_feature_enabled":true,"jetpack_social_post_already_shared":true,"jetpack_social_options":{"image_generator_settings":{"template":"highway","default_image_id":0,"font":"","enabled":false},"version":2}},"categories":[3,41],"tags":[],"class_list":["post-119561","post","type-post","status-publish","format-standard","has-post-thumbnail","hentry","category-actualidad","category-nacionales"],"jetpack_publicize_connections":[],"jetpack_featured_media_url":"https:\/\/laurbedigital.com.ar\/noticias\/wp-content\/uploads\/2025\/09\/2025090910-Industria.jpg","_links":{"self":[{"href":"https:\/\/laurbedigital.com.ar\/noticias\/wp-json\/wp\/v2\/posts\/119561","targetHints":{"allow":["GET"]}}],"collection":[{"href":"https:\/\/laurbedigital.com.ar\/noticias\/wp-json\/wp\/v2\/posts"}],"about":[{"href":"https:\/\/laurbedigital.com.ar\/noticias\/wp-json\/wp\/v2\/types\/post"}],"author":[{"embeddable":true,"href":"https:\/\/laurbedigital.com.ar\/noticias\/wp-json\/wp\/v2\/users\/1"}],"replies":[{"embeddable":true,"href":"https:\/\/laurbedigital.com.ar\/noticias\/wp-json\/wp\/v2\/comments?post=119561"}],"version-history":[{"count":1,"href":"https:\/\/laurbedigital.com.ar\/noticias\/wp-json\/wp\/v2\/posts\/119561\/revisions"}],"predecessor-version":[{"id":119563,"href":"https:\/\/laurbedigital.com.ar\/noticias\/wp-json\/wp\/v2\/posts\/119561\/revisions\/119563"}],"wp:featuredmedia":[{"embeddable":true,"href":"https:\/\/laurbedigital.com.ar\/noticias\/wp-json\/wp\/v2\/media\/119562"}],"wp:attachment":[{"href":"https:\/\/laurbedigital.com.ar\/noticias\/wp-json\/wp\/v2\/media?parent=119561"}],"wp:term":[{"taxonomy":"category","embeddable":true,"href":"https:\/\/laurbedigital.com.ar\/noticias\/wp-json\/wp\/v2\/categories?post=119561"},{"taxonomy":"post_tag","embeddable":true,"href":"https:\/\/laurbedigital.com.ar\/noticias\/wp-json\/wp\/v2\/tags?post=119561"}],"curies":[{"name":"wp","href":"https:\/\/api.w.org\/{rel}","templated":true}]}}