{"id":119559,"date":"2025-09-10T02:43:35","date_gmt":"2025-09-10T05:43:35","guid":{"rendered":"https:\/\/laurbedigital.com.ar\/noticias\/?p=119559"},"modified":"2025-09-10T02:43:35","modified_gmt":"2025-09-10T05:43:35","slug":"dia-del-maestro-2025-habra-clases-este-jueves-11-de-septiembre","status":"publish","type":"post","link":"https:\/\/laurbedigital.com.ar\/noticias\/2025\/09\/10\/dia-del-maestro-2025-habra-clases-este-jueves-11-de-septiembre\/","title":{"rendered":"D\u00eda del Maestro 2025: \u00bfhabr\u00e1 clases este jueves 11 de septiembre?"},"content":{"rendered":"<h3>Qui\u00e9n fue Sarmiento y por qu\u00e9 se le rinde homenaje<\/h3>\n<p>Domingo Faustino Sarmiento, conocido como el \u00abpadre del aula\u00bb, fue una figura clave en la historia de la educaci\u00f3n argentina. A lo largo de su vida, se destac\u00f3 no solo como pol\u00edtico, sino tambi\u00e9n como educador y escritor. Durante su presidencia, entre 1868 y 1874, impuls\u00f3 una serie de reformas educativas que transformaron el sistema de ense\u00f1anza en el pa\u00eds.<\/p>\n<p>Entre sus principales logros se encuentran:<\/p>\n<ul>\n<li><b>Creaci\u00f3n de m\u00e1s de 800 colegios<\/b> en todo el territorio argentino.<\/li>\n<li><b>Ampliaci\u00f3n de la ense\u00f1anza p\u00fablica<\/b> para alcanzar a un mayor n\u00famero de estudiantes.<\/li>\n<li><b>Promoci\u00f3n de la formaci\u00f3n docente<\/b>, trayendo incluso a maestros de Estados Unidos para que compartieran sus metodolog\u00edas.<\/li>\n<li><b>Defensa del derecho de las mujeres<\/b> a la educaci\u00f3n, lo que abri\u00f3 camino a un sistema m\u00e1s inclusivo.<\/li>\n<\/ul>\n<p>Gracias a la <b>ley de subvenciones<\/b>, Sarmiento logr\u00f3 que la matr\u00edcula escolar creciera de 30.000 a 110.000 alumnos, consolidando la educaci\u00f3n como una prioridad nacional. Su legado trascendi\u00f3 fronteras y en 1943, la Conferencia Interamericana de Educaci\u00f3n en Panam\u00e1 decidi\u00f3 que el 11 de septiembre se convirtiera en una fecha para homenajear a los maestros en todo el continente americano.<\/p>\n","protected":false},"excerpt":{"rendered":"<p>Qui\u00e9n fue Sarmiento y por qu\u00e9 se le rinde homenaje Domingo Faustino Sarmiento, conocido como el \u00abpadre del aula\u00bb, fue<\/p>\n","protected":false},"author":1,"featured_media":103529,"comment_status":"closed","ping_status":"closed","sticky":false,"template":"","format":"standard","meta":{"kia_subtitle":"En Argentina, el D\u00eda del Maestro se celebra el 11 de septiembre, una fecha que conmemora el fallecimiento de Domingo Faustino Sarmiento. Por esta raz\u00f3n, este jueves no habr\u00e1 clases en los jardines de infantes y en las escuelas primarias de todo el pa\u00eds. Esta jornada, a diferencia de otros feriados, no se traslada si cae en un fin de semana.","footnotes":"","jetpack_publicize_message":"","jetpack_publicize_feature_enabled":true,"jetpack_social_post_already_shared":true,"jetpack_social_options":{"image_generator_settings":{"template":"highway","default_image_id":0,"font":"","enabled":false},"version":2}},"categories":[3,41],"tags":[],"class_list":["post-119559","post","type-post","status-publish","format-standard","has-post-thumbnail","hentry","category-actualidad","category-nacionales"],"jetpack_publicize_connections":[],"jetpack_featured_media_url":"https:\/\/laurbedigital.com.ar\/noticias\/wp-content\/uploads\/2024\/03\/202400330-Maestros-clases-aula-alumnos.jpg","_links":{"self":[{"href":"https:\/\/laurbedigital.com.ar\/noticias\/wp-json\/wp\/v2\/posts\/119559","targetHints":{"allow":["GET"]}}],"collection":[{"href":"https:\/\/laurbedigital.com.ar\/noticias\/wp-json\/wp\/v2\/posts"}],"about":[{"href":"https:\/\/laurbedigital.com.ar\/noticias\/wp-json\/wp\/v2\/types\/post"}],"author":[{"embeddable":true,"href":"https:\/\/laurbedigital.com.ar\/noticias\/wp-json\/wp\/v2\/users\/1"}],"replies":[{"embeddable":true,"href":"https:\/\/laurbedigital.com.ar\/noticias\/wp-json\/wp\/v2\/comments?post=119559"}],"version-history":[{"count":1,"href":"https:\/\/laurbedigital.com.ar\/noticias\/wp-json\/wp\/v2\/posts\/119559\/revisions"}],"predecessor-version":[{"id":119560,"href":"https:\/\/laurbedigital.com.ar\/noticias\/wp-json\/wp\/v2\/posts\/119559\/revisions\/119560"}],"wp:featuredmedia":[{"embeddable":true,"href":"https:\/\/laurbedigital.com.ar\/noticias\/wp-json\/wp\/v2\/media\/103529"}],"wp:attachment":[{"href":"https:\/\/laurbedigital.com.ar\/noticias\/wp-json\/wp\/v2\/media?parent=119559"}],"wp:term":[{"taxonomy":"category","embeddable":true,"href":"https:\/\/laurbedigital.com.ar\/noticias\/wp-json\/wp\/v2\/categories?post=119559"},{"taxonomy":"post_tag","embeddable":true,"href":"https:\/\/laurbedigital.com.ar\/noticias\/wp-json\/wp\/v2\/tags?post=119559"}],"curies":[{"name":"wp","href":"https:\/\/api.w.org\/{rel}","templated":true}]}}