{"id":119557,"date":"2025-09-10T02:40:20","date_gmt":"2025-09-10T05:40:20","guid":{"rendered":"https:\/\/laurbedigital.com.ar\/noticias\/?p=119557"},"modified":"2025-09-10T02:40:20","modified_gmt":"2025-09-10T05:40:20","slug":"un-nuevo-ajuste-del-14-para-cumplir-con-el-fmi-el-desafio-de-caputo","status":"publish","type":"post","link":"https:\/\/laurbedigital.com.ar\/noticias\/2025\/09\/10\/un-nuevo-ajuste-del-14-para-cumplir-con-el-fmi-el-desafio-de-caputo\/","title":{"rendered":"Un nuevo ajuste del 14% para cumplir con el FMI: el desaf\u00edo de Caputo"},"content":{"rendered":"<p>Para cumplir con la meta fiscal acordada con el <b>Fondo Monetario Internacional (FMI)<\/b>, el gobierno de Javier Milei deber\u00eda aplicar un ajuste adicional del 14% en las partidas de gasto no autom\u00e1ticas. As\u00ed lo revela un informe reciente del Instituto de Investigaciones Econ\u00f3micas para la Realidad Argentina y Latinoamericana (<b>IERAL<\/b>), que advierte sobre un desv\u00edo en el plan econ\u00f3mico del ministro Luis Caputo. El recorte ser\u00eda necesario para compensar el impacto fiscal de medidas imprevistas, como el proyecto de ley de emergencia por discapacidad y la distribuci\u00f3n de fondos de Aportes del Tesoro Nacional (ATN), que han generado un gasto extra que presiona el objetivo de super\u00e1vit primario.<\/p>\n<h3>Un plan fiscal bajo presi\u00f3n<\/h3>\n<p>El reporte, elaborado por Marcelo Capello y Federico Beich, expertos fiscales del <b>IERAL<\/b>, proyecta que el escenario base para este a\u00f1o ya preve\u00eda un ajuste del 12% en el gasto no autom\u00e1tico, impulsado por el aumento de la inflaci\u00f3n. Sin embargo, la inclusi\u00f3n de nuevos gastos ha modificado el panorama. Los especialistas calculan que el proyecto de ley sobre discapacidad y los fondos destinados al Impuesto a los Combustibles y los ATN tienen un costo adicional cercano al 0,2% del PBI. Este gasto extra pone en riesgo el cumplimiento de la meta de super\u00e1vit primario de 1,6% del PBI para 2025, un compromiso clave con el FMI.<\/p>\n<h3>El nuevo escenario: m\u00e1s recorte para alcanzar la meta<\/h3>\n<p>Seg\u00fan el an\u00e1lisis, el gasto autom\u00e1tico, que se ajusta por la inflaci\u00f3n, subir\u00e1 un 15% real en los \u00faltimos cinco meses del a\u00f1o. Para mantener el equilibrio y alcanzar el objetivo fiscal, el gasto no autom\u00e1tico, que es la parte que el gobierno puede controlar directamente, deber\u00eda sufrir un recorte a\u00fan mayor. El informe del <b>IERAL<\/b> estima que la reducci\u00f3n necesaria ser\u00eda del 14% anual real entre agosto y diciembre de 2025. Esto representa un ajuste dos puntos porcentuales m\u00e1s alto que el 12% proyectado en el escenario inicial.<\/p>\n<p>El informe concluye que, sin esta medida adicional, el equilibrio de las cuentas p\u00fablicas quedar\u00e1 bajo presi\u00f3n, lo que podr\u00eda derivar en un incumplimiento de los compromisos con el organismo internacional. Este escenario presenta un nuevo desaf\u00edo para el equipo econ\u00f3mico, que deber\u00e1 encontrar un equilibrio entre las demandas sociales y el rigor fiscal prometido.<\/p>\n","protected":false},"excerpt":{"rendered":"<p>Para cumplir con la meta fiscal acordada con el Fondo Monetario Internacional (FMI), el gobierno de Javier Milei deber\u00eda aplicar<\/p>\n","protected":false},"author":1,"featured_media":115080,"comment_status":"closed","ping_status":"closed","sticky":false,"template":"","format":"standard","meta":{"kia_subtitle":"Un informe de IERAL advierte que el Gobierno de Javier Milei deber\u00eda aplicar un recorte adicional del 14% en el gasto no autom\u00e1tico para compensar nuevos costos fiscales y cumplir con el FMI.","footnotes":"","jetpack_publicize_message":"","jetpack_publicize_feature_enabled":true,"jetpack_social_post_already_shared":true,"jetpack_social_options":{"image_generator_settings":{"template":"highway","default_image_id":0,"font":"","enabled":false},"version":2}},"categories":[3,41],"tags":[],"class_list":["post-119557","post","type-post","status-publish","format-standard","has-post-thumbnail","hentry","category-actualidad","category-nacionales"],"jetpack_publicize_connections":[],"jetpack_featured_media_url":"https:\/\/laurbedigital.com.ar\/noticias\/wp-content\/uploads\/2025\/04\/20250412-Caputo.jpg","_links":{"self":[{"href":"https:\/\/laurbedigital.com.ar\/noticias\/wp-json\/wp\/v2\/posts\/119557","targetHints":{"allow":["GET"]}}],"collection":[{"href":"https:\/\/laurbedigital.com.ar\/noticias\/wp-json\/wp\/v2\/posts"}],"about":[{"href":"https:\/\/laurbedigital.com.ar\/noticias\/wp-json\/wp\/v2\/types\/post"}],"author":[{"embeddable":true,"href":"https:\/\/laurbedigital.com.ar\/noticias\/wp-json\/wp\/v2\/users\/1"}],"replies":[{"embeddable":true,"href":"https:\/\/laurbedigital.com.ar\/noticias\/wp-json\/wp\/v2\/comments?post=119557"}],"version-history":[{"count":1,"href":"https:\/\/laurbedigital.com.ar\/noticias\/wp-json\/wp\/v2\/posts\/119557\/revisions"}],"predecessor-version":[{"id":119558,"href":"https:\/\/laurbedigital.com.ar\/noticias\/wp-json\/wp\/v2\/posts\/119557\/revisions\/119558"}],"wp:featuredmedia":[{"embeddable":true,"href":"https:\/\/laurbedigital.com.ar\/noticias\/wp-json\/wp\/v2\/media\/115080"}],"wp:attachment":[{"href":"https:\/\/laurbedigital.com.ar\/noticias\/wp-json\/wp\/v2\/media?parent=119557"}],"wp:term":[{"taxonomy":"category","embeddable":true,"href":"https:\/\/laurbedigital.com.ar\/noticias\/wp-json\/wp\/v2\/categories?post=119557"},{"taxonomy":"post_tag","embeddable":true,"href":"https:\/\/laurbedigital.com.ar\/noticias\/wp-json\/wp\/v2\/tags?post=119557"}],"curies":[{"name":"wp","href":"https:\/\/api.w.org\/{rel}","templated":true}]}}