{"id":119524,"date":"2025-09-08T20:34:18","date_gmt":"2025-09-08T23:34:18","guid":{"rendered":"https:\/\/laurbedigital.com.ar\/noticias\/?p=119524"},"modified":"2025-09-08T20:34:18","modified_gmt":"2025-09-08T23:34:18","slug":"juegos-bonaerenses-comenzaron-los-interregionales-y-se-acerca-la-final","status":"publish","type":"post","link":"https:\/\/laurbedigital.com.ar\/noticias\/2025\/09\/08\/juegos-bonaerenses-comenzaron-los-interregionales-y-se-acerca-la-final\/","title":{"rendered":"Juegos Bonaerenses: Comenzaron los Interregionales y se acerca la Final"},"content":{"rendered":"<p>La principal competencia deportiva y cultural de la provincia de Buenos Aires, que organiza el Ministerio de Desarrollo de la Comunidad, contin\u00faa avanzando con la disputa de las instancias previas a la Final, que tendr\u00e1 lugar entre el 12 y el 17 de octubre en Mar del Plata. En ese marco, los Interregionales comenzaron este lunes en Bah\u00eda Blanca y se extender\u00e1n hasta el 24 de septiembre en distintos municipios bonaerenses. Con estos encuentros, se definir\u00e1n los \u00faltimos clasificados para el evento m\u00e1ximo.<\/p>\n<p>Adem\u00e1s, la Provincia de Buenos Aires estar\u00e1 presente en los Juegos Argentinos de Alto Rendimiento (JADAR), que se realizar\u00e1n entre el 9 y el 14 de septiembre en Rosario, reafirmando su compromiso con el deporte y el acompa\u00f1amiento a las y los atletas bonaerenses en cada instancia competitiva.<\/p>\n<p>La cartera a cargo de Andr\u00e9s Larroque tiene a su cargo la organizaci\u00f3n de esta pol\u00edtica p\u00fablica tradicional, que se realiza de manera ininterrumpida desde 1992 y este a\u00f1o celebra su edici\u00f3n n\u00b0 34, con el r\u00e9cord de m\u00e1s de 480 mil inscripciones. Son impulsados por el gobierno bonaerense a trav\u00e9s de la Subsecretar\u00eda de Deportes del Ministerio y en articulaci\u00f3n con el Instituto Cultural, y cuentan con m\u00e1s de 100 disciplinas deportivas y culturales para j\u00f3venes, personas con discapacidad y trasplantadas, y personas mayores.<\/p>\n<p>En este contexto, Larroque destac\u00f3 que \u201cla garant\u00eda de que los Juegos Bonaerenses se puedan realizar es el compromiso de un Gobierno provincial que no olvida sus convicciones y sigue poniendo como prioridad a su pueblo\u201d. Y agreg\u00f3: \u201cCon gesti\u00f3n y trabajo estamos llevando adelante el evento deportivo y cultural m\u00e1s importante del pa\u00eds\u201d.<\/p>\n<p>Por su parte, el subsecretario de Deportes, Cristian Cardozo, subray\u00f3: \u201ctanto la Provincia\u00a0como los municipios y los equipos hacen un esfuerzo muy grande para llevarlos a cabo y para que nuestros deportistas lleguen a la Final de Mar del Plata. El deporte no es un gasto, es una inversi\u00f3n a la\u00a0 educaci\u00f3n, a la salud. Entendiendo eso como base hay que trabajar de manera transversal\u201d.<\/p>\n<h2>CALENDARIO DE INTERREGIONALES<\/h2>\n<p>El Ministerio incorpor\u00f3 desde 2024 esta instancia previa a la Final con fines organizativos, para fortalecer adem\u00e1s el desarrollo deportivo zonal. De tal modo, las 8 regiones tradicionales que rigen en la etapa anterior ahora se reconfiguran en 16, integrando y fomentando la participaci\u00f3n interna. En este per\u00edodo, con sus distintas modalidades, las y los deportistas compiten en b\u00e1squet, cestoball, futsal, f\u00fatbol (5, 7 y 11), f\u00fatbol playa, handball, handball playa, hockey, rugby (seven), s\u00f3ftbol y v\u00f3ley.<\/p>\n<p>Dicha etapa inici\u00f3 hoy con el Interregional de Bah\u00eda Blanca, que agrup\u00f3 a las regiones 11 y 14, y all\u00ed se desarrollaron todas estas disciplinas en las siguientes 10 sedes: Estudiantes, Olimpo, Polideportivo Norte, La Coqueta, Centro de Deportes Las Tres Villas, Bah\u00eda Blanca F\u00fatbol Club, Tiro Federal, Complejo La Curtiembre, El Nacional y Liniers. En representaci\u00f3n de la Subsecretar\u00eda de Deportes provincial estuvo presente el jefe de gabinete, Mat\u00edas Bustingorri, junto a\u00a0autoridades locales.<\/p>\n<p><strong>Cronograma completo de los Interregionales:\u00a0<\/strong><\/p>\n<p><strong>8 de septiembre &#8211; Bah\u00eda Blanca<\/strong><\/p>\n<p><strong>9 y 10 de septiembre &#8211; Pehuaj\u00f3<\/strong><\/p>\n<p><strong>12 de septiembre &#8211; San Fernando<\/strong><\/p>\n<p><strong>15 y 16\u00a0 de septiembre &#8211; San Pedro<\/strong><\/p>\n<p><strong>18\u00a0 de septiembre &#8211; Lobos<\/strong><\/p>\n<p><strong>19 de septiembre &#8211; Dolores<\/strong><\/p>\n<p><strong>22 de septiembre &#8211; La Matanza<\/strong><\/p>\n<p><strong>23 y 24 de septiembre &#8211; Benito Ju\u00e1rez<\/strong><\/p>\n","protected":false},"excerpt":{"rendered":"<p>La principal competencia deportiva y cultural de la provincia de Buenos Aires, que organiza el Ministerio de Desarrollo de la<\/p>\n","protected":false},"author":1,"featured_media":119525,"comment_status":"closed","ping_status":"closed","sticky":false,"template":"","format":"standard","meta":{"kia_subtitle":"Se pusieron en marcha en Bah\u00eda Blanca y continuar\u00e1n en distintos municipios hasta el 24 de septiembre. Adem\u00e1s, una delegaci\u00f3n bonaerense se prepara para competir en los Juegos Argentinos de Alto Rendimiento (JADAR).","footnotes":"","jetpack_publicize_message":"","jetpack_publicize_feature_enabled":true,"jetpack_social_post_already_shared":true,"jetpack_social_options":{"image_generator_settings":{"template":"highway","default_image_id":0,"font":"","enabled":false},"version":2}},"categories":[3,56],"tags":[],"class_list":["post-119524","post","type-post","status-publish","format-standard","has-post-thumbnail","hentry","category-actualidad","category-buenos-aires"],"jetpack_publicize_connections":[],"jetpack_featured_media_url":"https:\/\/laurbedigital.com.ar\/noticias\/wp-content\/uploads\/2025\/09\/20250909-Juegos-bonaerense.jpg","_links":{"self":[{"href":"https:\/\/laurbedigital.com.ar\/noticias\/wp-json\/wp\/v2\/posts\/119524","targetHints":{"allow":["GET"]}}],"collection":[{"href":"https:\/\/laurbedigital.com.ar\/noticias\/wp-json\/wp\/v2\/posts"}],"about":[{"href":"https:\/\/laurbedigital.com.ar\/noticias\/wp-json\/wp\/v2\/types\/post"}],"author":[{"embeddable":true,"href":"https:\/\/laurbedigital.com.ar\/noticias\/wp-json\/wp\/v2\/users\/1"}],"replies":[{"embeddable":true,"href":"https:\/\/laurbedigital.com.ar\/noticias\/wp-json\/wp\/v2\/comments?post=119524"}],"version-history":[{"count":1,"href":"https:\/\/laurbedigital.com.ar\/noticias\/wp-json\/wp\/v2\/posts\/119524\/revisions"}],"predecessor-version":[{"id":119526,"href":"https:\/\/laurbedigital.com.ar\/noticias\/wp-json\/wp\/v2\/posts\/119524\/revisions\/119526"}],"wp:featuredmedia":[{"embeddable":true,"href":"https:\/\/laurbedigital.com.ar\/noticias\/wp-json\/wp\/v2\/media\/119525"}],"wp:attachment":[{"href":"https:\/\/laurbedigital.com.ar\/noticias\/wp-json\/wp\/v2\/media?parent=119524"}],"wp:term":[{"taxonomy":"category","embeddable":true,"href":"https:\/\/laurbedigital.com.ar\/noticias\/wp-json\/wp\/v2\/categories?post=119524"},{"taxonomy":"post_tag","embeddable":true,"href":"https:\/\/laurbedigital.com.ar\/noticias\/wp-json\/wp\/v2\/tags?post=119524"}],"curies":[{"name":"wp","href":"https:\/\/api.w.org\/{rel}","templated":true}]}}