{"id":119513,"date":"2025-09-08T19:54:28","date_gmt":"2025-09-08T22:54:28","guid":{"rendered":"https:\/\/laurbedigital.com.ar\/noticias\/?p=119513"},"modified":"2025-09-08T19:54:28","modified_gmt":"2025-09-08T22:54:28","slug":"genaro-fortunato","status":"publish","type":"post","link":"https:\/\/laurbedigital.com.ar\/noticias\/2025\/09\/08\/genaro-fortunato\/","title":{"rendered":"El caso Genaro Fortunato: una muerte que cambi\u00f3 la jurisprudencia"},"content":{"rendered":"<p>La madrugada del 9 de septiembre de 2017, la vida de Genaro Fortunato, un joven rugbier de San Rafael, Mendoza, se apag\u00f3 de forma brutal. Julieta Silva, su novia en ese entonces, lo atropell\u00f3 con su auto a la salida de un boliche, poniendo fin a una discusi\u00f3n. Lo que en un inicio pareci\u00f3 un accidente de tr\u00e1nsito, r\u00e1pidamente se convirti\u00f3 en un caso emblem\u00e1tico que dividi\u00f3 a la opini\u00f3n p\u00fablica y a la justicia, y que tuvo un profundo impacto en la jurisprudencia argentina.<\/p>\n<h3>Los hechos y el inicio de la investigaci\u00f3n<\/h3>\n<p>La tragedia ocurri\u00f3 a las 5:00 de la ma\u00f1ana, cuando Genaro y Julieta abandonaron el boliche La Mona. Tras una acalorada discusi\u00f3n, Genaro se baj\u00f3 del Fiat Palio que manejaba Silva, quien, luego de hacer una maniobra en \u00abU\u00bb para perseguirlo, lo embisti\u00f3 y lo mat\u00f3 en el acto. La escena fue dantesca y el caso escal\u00f3 r\u00e1pidamente a los medios nacionales. La fiscal de la causa, Andrea Rossi, imput\u00f3 a Silva por <b>\u00abhomicidio agravado por el v\u00ednculo y por alevos\u00eda\u00bb<\/b>, un delito que prev\u00e9 la pena de prisi\u00f3n perpetua. El caso no tard\u00f3 en volverse un clamor popular, con multitudinarias marchas que exig\u00edan justicia para la familia de la v\u00edctima.<\/p>\n<h3>Un juicio cargado de tensi\u00f3n y debate<\/h3>\n<p>El juicio contra Julieta Silva inici\u00f3 en septiembre de 2018. El debate se centr\u00f3 en la intencionalidad de su accionar. La fiscal\u00eda argument\u00f3 que Silva hab\u00eda actuado con alevos\u00eda, aprovechando el estado de indefensi\u00f3n de Fortunato para asegurarse de que no pudiera defenderse, y con la intenci\u00f3n de causarle la muerte. La defensa, por su parte, sostuvo que se trat\u00f3 de un accidente y que su clienta no hab\u00eda visto a Genaro en la calle, argumentando que ten\u00eda una patolog\u00eda visual que le imped\u00eda ver con claridad por la noche. Durante el proceso, se expusieron grabaciones de las c\u00e1maras de seguridad que mostraban la maniobra del auto y los peritos viales expusieron sus conclusiones, lo que gener\u00f3 un intenso debate t\u00e9cnico y legal.<\/p>\n<h3>El fallo y el precedente judicial<\/h3>\n<p>El 11 de septiembre de 2018, el Tribunal Penal Colegiado de San Rafael dict\u00f3 su veredicto. La jueza Rodolfo Luque ley\u00f3 el fallo, que no convalid\u00f3 la figura de homicidio agravado, sino que se inclin\u00f3 por el <b>\u00abhomicidio culposo agravado\u00bb<\/b>, castigando a Silva a tres a\u00f1os y nueve meses de prisi\u00f3n, lo que gener\u00f3 indignaci\u00f3n en la familia Fortunato y en una parte de la sociedad. Sin embargo, en diciembre de 2019, la Corte Suprema de Mendoza revoc\u00f3 el fallo, cambiando la figura penal a <b>\u00abhomicidio simple con dolo eventual\u00bb<\/b> y sentenciando a la acusada a cinco a\u00f1os de prisi\u00f3n. Este \u00faltimo fallo fue el que sent\u00f3 un precedente, ya que los jueces consideraron que, si bien la acusada no tuvo la intenci\u00f3n directa de matar a Fortunato, s\u00ed deb\u00eda haberse representado que su accionar al volante pod\u00eda ocasionar la muerte de la v\u00edctima.<\/p>\n<p>El caso de Genaro Fortunato no solo fue un tr\u00e1gico suceso, sino que tambi\u00e9n fue un antes y un despu\u00e9s en la jurisprudencia argentina, especialmente en lo que se refiere a los delitos de tr\u00e1nsito. La figura del dolo eventual, que significa que una persona no busca causar un da\u00f1o pero s\u00ed es consciente de que su accionar puede provocarlo, se afianz\u00f3 en la justicia. El fallo de la Corte Suprema de Mendoza dej\u00f3 en claro que manejar bajo los efectos del alcohol o de drogas y a gran velocidad no puede ser considerado como un simple accidente, sino que conlleva una responsabilidad penal mucho mayor.<\/p>\n","protected":false},"excerpt":{"rendered":"<p>La madrugada del 9 de septiembre de 2017, la vida de Genaro Fortunato, un joven rugbier de San Rafael, Mendoza,<\/p>\n","protected":false},"author":1,"featured_media":119514,"comment_status":"closed","ping_status":"closed","sticky":false,"template":"","format":"standard","meta":{"kia_subtitle":"La tr\u00e1gica muerte de Genaro Fortunato, atropellado en San Rafael en 2017, conmocion\u00f3 al pa\u00eds. El caso, que tuvo como protagonista a Julieta Silva, sent\u00f3 un precedente judicial en materia de dolo eventual.","footnotes":"","jetpack_publicize_message":"","jetpack_publicize_feature_enabled":true,"jetpack_social_post_already_shared":true,"jetpack_social_options":{"image_generator_settings":{"template":"highway","default_image_id":0,"font":"","enabled":false},"version":2}},"categories":[8],"tags":[],"class_list":["post-119513","post","type-post","status-publish","format-standard","has-post-thumbnail","hentry","category-policiales"],"jetpack_publicize_connections":[],"jetpack_featured_media_url":"https:\/\/laurbedigital.com.ar\/noticias\/wp-content\/uploads\/2025\/09\/20250909-Genaro-Fortunato.jpg","_links":{"self":[{"href":"https:\/\/laurbedigital.com.ar\/noticias\/wp-json\/wp\/v2\/posts\/119513","targetHints":{"allow":["GET"]}}],"collection":[{"href":"https:\/\/laurbedigital.com.ar\/noticias\/wp-json\/wp\/v2\/posts"}],"about":[{"href":"https:\/\/laurbedigital.com.ar\/noticias\/wp-json\/wp\/v2\/types\/post"}],"author":[{"embeddable":true,"href":"https:\/\/laurbedigital.com.ar\/noticias\/wp-json\/wp\/v2\/users\/1"}],"replies":[{"embeddable":true,"href":"https:\/\/laurbedigital.com.ar\/noticias\/wp-json\/wp\/v2\/comments?post=119513"}],"version-history":[{"count":1,"href":"https:\/\/laurbedigital.com.ar\/noticias\/wp-json\/wp\/v2\/posts\/119513\/revisions"}],"predecessor-version":[{"id":119515,"href":"https:\/\/laurbedigital.com.ar\/noticias\/wp-json\/wp\/v2\/posts\/119513\/revisions\/119515"}],"wp:featuredmedia":[{"embeddable":true,"href":"https:\/\/laurbedigital.com.ar\/noticias\/wp-json\/wp\/v2\/media\/119514"}],"wp:attachment":[{"href":"https:\/\/laurbedigital.com.ar\/noticias\/wp-json\/wp\/v2\/media?parent=119513"}],"wp:term":[{"taxonomy":"category","embeddable":true,"href":"https:\/\/laurbedigital.com.ar\/noticias\/wp-json\/wp\/v2\/categories?post=119513"},{"taxonomy":"post_tag","embeddable":true,"href":"https:\/\/laurbedigital.com.ar\/noticias\/wp-json\/wp\/v2\/tags?post=119513"}],"curies":[{"name":"wp","href":"https:\/\/api.w.org\/{rel}","templated":true}]}}