{"id":119505,"date":"2025-09-08T19:40:31","date_gmt":"2025-09-08T22:40:31","guid":{"rendered":"https:\/\/laurbedigital.com.ar\/noticias\/?p=119505"},"modified":"2025-09-08T19:40:31","modified_gmt":"2025-09-08T22:40:31","slug":"perspectivas-economicas-sombrias-la-industria-argentina-anticipa-una-caida-en-la-demanda","status":"publish","type":"post","link":"https:\/\/laurbedigital.com.ar\/noticias\/2025\/09\/08\/perspectivas-economicas-sombrias-la-industria-argentina-anticipa-una-caida-en-la-demanda\/","title":{"rendered":"Perspectivas econ\u00f3micas sombr\u00edas: La industria argentina anticipa una ca\u00edda en la demanda"},"content":{"rendered":"<p>El sector industrial argentino se enfrenta a un panorama de incertidumbre y pesimismo. Un an\u00e1lisis de las expectativas para el per\u00edodo agosto-octubre de 2025 revela una visi\u00f3n mayoritariamente negativa, con proyecciones de una menor actividad en comparaci\u00f3n con el mismo per\u00edodo del a\u00f1o anterior. Este sentimiento de cautela se basa en la percepci\u00f3n de un debilitamiento del consumo interno y una falta de dinamismo en el comercio exterior, factores clave para el desempe\u00f1o econ\u00f3mico del pa\u00eds.<\/p>\n<h3>La demanda interna, principal motor del des\u00e1nimo<\/h3>\n<p>La preocupaci\u00f3n m\u00e1s palpable dentro de la industria gira en torno a la demanda interna. <b>Un contundente 38,9% de las empresas anticipa una disminuci\u00f3n<\/b> en el consumo de sus productos. Este dato es particularmente alarmante, ya que la demanda interna es tradicionalmente uno de los principales motores de la econom\u00eda argentina. La expectativa de un menor poder adquisitivo por parte de los consumidores podr\u00eda traducirse en una ca\u00edda de las ventas, afectando la rentabilidad y la planificaci\u00f3n de las empresas. Este fen\u00f3meno, adem\u00e1s, podr\u00eda ser un reflejo de la coyuntura econ\u00f3mica general, caracterizada por la inflaci\u00f3n y la p\u00e9rdida de poder de compra de los salarios.<\/p>\n<h3>Exportaciones e importaciones: un panorama sin grandes cambios<\/h3>\n<p>Mientras la demanda interna genera pesimismo, las perspectivas sobre el comercio exterior no son mucho m\u00e1s alentadoras. En el frente de las exportaciones, <b>el 23,7% de los empresarios cree que no habr\u00e1 un aumento<\/b> en las ventas al exterior. Este estancamiento proyectado sugiere que la industria no espera beneficiarse de un repunte en los mercados internacionales, lo que limita una posible v\u00eda de escape para compensar la ca\u00edda del mercado local.<\/p>\n<p>Por otro lado, las importaciones, aunque no se proyecta un aumento masivo, s\u00ed muestran un ligero crecimiento. <b>El 25,1% de los consultados cree que las importaciones totales de insumos aumentar\u00e1n<\/b>, mientras que solo un 17,1% piensa que disminuir\u00e1n. No obstante, la tendencia se estabiliza con una gran mayor\u00eda, <b>el 57,8%, que no espera variaciones<\/b>, lo que indica un mercado de insumos relativamente estable, pero sin la din\u00e1mica de crecimiento que podr\u00eda esperarse en un escenario de expansi\u00f3n econ\u00f3mica. Este dato es relevante porque las importaciones son un bar\u00f3metro de la actividad industrial y su estancamiento podr\u00eda ser una se\u00f1al de que la producci\u00f3n no est\u00e1 en expansi\u00f3n.<\/p>\n<h3>La capacidad instalada, en la cuerda floja<\/h3>\n<p>Finalmente, la utilizaci\u00f3n de la capacidad instalada, un indicador clave de la salud de la industria, tambi\u00e9n se percibe con cautela. <b>Un 24% de los encuestados considera que este indicador seguir\u00e1 disminuyendo<\/b>, lo que sugiere que las f\u00e1bricas y plantas no est\u00e1n operando a su m\u00e1ximo potencial. Esta subutilizaci\u00f3n de recursos es una se\u00f1al clara de que la producci\u00f3n est\u00e1 contray\u00e9ndose y que las empresas no ven la necesidad de invertir o expandir su capacidad en el corto plazo. Esto puede llevar a una espiral negativa donde la falta de inversi\u00f3n afecta la productividad y la competitividad a futuro.<\/p>\n<p>La conjunci\u00f3n de una demanda interna en retroceso, un estancamiento en las exportaciones y una utilizaci\u00f3n de la capacidad instalada en declive, pinta un cuadro complejo y desafiante para la industria argentina. Las cifras reflejan una clara falta de confianza en el rumbo econ\u00f3mico a corto plazo, lo que podr\u00eda traducirse en una menor inversi\u00f3n, una desaceleraci\u00f3n en la creaci\u00f3n de empleo y, en \u00faltima instancia, en un impacto negativo en la econom\u00eda general del pa\u00eds.<\/p>\n","protected":false},"excerpt":{"rendered":"<p>El sector industrial argentino se enfrenta a un panorama de incertidumbre y pesimismo. Un an\u00e1lisis de las expectativas para el<\/p>\n","protected":false},"author":1,"featured_media":95179,"comment_status":"closed","ping_status":"closed","sticky":false,"template":"","format":"standard","meta":{"kia_subtitle":"La industria argentina se muestra pesimista sobre el futuro a corto plazo. M\u00e1s de un tercio de las empresas espera una contracci\u00f3n de la demanda interna en los pr\u00f3ximos meses, mientras que el panorama de las exportaciones e importaciones no genera optimismo.","footnotes":"","jetpack_publicize_message":"","jetpack_publicize_feature_enabled":true,"jetpack_social_post_already_shared":true,"jetpack_social_options":{"image_generator_settings":{"template":"highway","default_image_id":0,"font":"","enabled":false},"version":2}},"categories":[3,41],"tags":[],"class_list":["post-119505","post","type-post","status-publish","format-standard","has-post-thumbnail","hentry","category-actualidad","category-nacionales"],"jetpack_publicize_connections":[],"jetpack_featured_media_url":"https:\/\/laurbedigital.com.ar\/noticias\/wp-content\/uploads\/2023\/09\/20230901-Industria-Manofacturera.jpg","_links":{"self":[{"href":"https:\/\/laurbedigital.com.ar\/noticias\/wp-json\/wp\/v2\/posts\/119505","targetHints":{"allow":["GET"]}}],"collection":[{"href":"https:\/\/laurbedigital.com.ar\/noticias\/wp-json\/wp\/v2\/posts"}],"about":[{"href":"https:\/\/laurbedigital.com.ar\/noticias\/wp-json\/wp\/v2\/types\/post"}],"author":[{"embeddable":true,"href":"https:\/\/laurbedigital.com.ar\/noticias\/wp-json\/wp\/v2\/users\/1"}],"replies":[{"embeddable":true,"href":"https:\/\/laurbedigital.com.ar\/noticias\/wp-json\/wp\/v2\/comments?post=119505"}],"version-history":[{"count":1,"href":"https:\/\/laurbedigital.com.ar\/noticias\/wp-json\/wp\/v2\/posts\/119505\/revisions"}],"predecessor-version":[{"id":119506,"href":"https:\/\/laurbedigital.com.ar\/noticias\/wp-json\/wp\/v2\/posts\/119505\/revisions\/119506"}],"wp:featuredmedia":[{"embeddable":true,"href":"https:\/\/laurbedigital.com.ar\/noticias\/wp-json\/wp\/v2\/media\/95179"}],"wp:attachment":[{"href":"https:\/\/laurbedigital.com.ar\/noticias\/wp-json\/wp\/v2\/media?parent=119505"}],"wp:term":[{"taxonomy":"category","embeddable":true,"href":"https:\/\/laurbedigital.com.ar\/noticias\/wp-json\/wp\/v2\/categories?post=119505"},{"taxonomy":"post_tag","embeddable":true,"href":"https:\/\/laurbedigital.com.ar\/noticias\/wp-json\/wp\/v2\/tags?post=119505"}],"curies":[{"name":"wp","href":"https:\/\/api.w.org\/{rel}","templated":true}]}}