{"id":119483,"date":"2025-09-08T01:02:01","date_gmt":"2025-09-08T04:02:01","guid":{"rendered":"https:\/\/laurbedigital.com.ar\/noticias\/?p=119483"},"modified":"2025-09-08T01:02:01","modified_gmt":"2025-09-08T04:02:01","slug":"profugos-de-la-justicia-caen-al-ir-a-votar-en-las-elecciones-de-la-provincia","status":"publish","type":"post","link":"https:\/\/laurbedigital.com.ar\/noticias\/2025\/09\/08\/profugos-de-la-justicia-caen-al-ir-a-votar-en-las-elecciones-de-la-provincia\/","title":{"rendered":"Pr\u00f3fugos de la Justicia caen al ir a votar en las elecciones de la Provincia"},"content":{"rendered":"<p>Las elecciones legislativas en la provincia de Buenos Aires volvieron a ser un momento crucial no solo para la pol\u00edtica, sino tambi\u00e9n para la seguridad. Como ya ha ocurrido en comicios anteriores, varios pr\u00f3fugos de la Justicia fueron detenidos al presentarse en las escuelas para emitir su voto. La coordinaci\u00f3n entre las fuerzas de seguridad y la informaci\u00f3n electoral permiti\u00f3 que la Polic\u00eda detuviera a sospechosos con pedido de captura por delitos graves, incluyendo robos y abuso sexual. Las detenciones se llevaron a cabo en distintas localidades bonaerenses, como Villa Fiorito, Tigre y Quilmes, y demuestran la efectividad de los operativos en momentos de gran concurrencia de personas.<\/p>\n<h3>Capturas en Lomas de Zamora, Tigre y Quilmes<\/h3>\n<p>La Divisi\u00f3n B\u00fasqueda de Pr\u00f3fugos de la Superintendencia de Investigaciones Federales fue la encargada de las detenciones m\u00e1s relevantes. En la Escuela Secundaria N\u00b056 de <b>Villa Fiorito<\/b>, en Lomas de Zamora, fue capturado un joven de 27 a\u00f1os. El hombre era buscado desde 2020 por robo agravado en la modalidad de \u00abpiratas del asfalto\u00bb. El hecho por el que se lo imputa ocurri\u00f3 el 6 de julio de 2020 en Lan\u00fas, cuando junto a un c\u00f3mplice intercept\u00f3 a un transportista para robarle su veh\u00edculo y la mercader\u00eda.<\/p>\n<p>En <b>Tigre<\/b>, la Polic\u00eda Bonaerense tambi\u00e9n tuvo \u00e9xito en su b\u00fasqueda. En la escuela Mar\u00eda de Guadalupe, un hombre acusado por abuso de arma agravado fue detenido. En otro operativo, en el Colegio N\u00b014 de General Pacheco, se arrest\u00f3 a otro pr\u00f3fugo con pedido de captura por abuso sexual agravado, un delito especialmente sensible. La causa est\u00e1 a cargo de la UFI especializada en Violencia de G\u00e9nero.<\/p>\n<p>La ciudad de <b>Quilmes<\/b> no fue la excepci\u00f3n y tambi\u00e9n se registraron dos detenciones importantes. En la Escuela EP N\u00b035 \/ ES N\u00b078, la DDI de Quilmes mont\u00f3 un operativo que permiti\u00f3 la captura de un hombre de 38 a\u00f1os, buscado por privaci\u00f3n ileg\u00edtima de la libertad. En otra escuela de la misma localidad, fue detenido un hombre de igual edad, imputado por abuso sexual agravado, una orden que proven\u00eda del Juzgado de Garant\u00edas N\u00b02.<\/p>\n<h3>Detenci\u00f3n en La Matanza por abuso y amenazas<\/h3>\n<p>En la localidad de Isidro Casanova, en <b>La Matanza<\/b>, la DDI local detuvo a un hombre de 54 a\u00f1os buscado por abuso sexual y amenazas. La captura se produjo en la Escuela E.P N\u00b091 &#8211; E.S N\u00b0112, cuando el hombre se present\u00f3 para votar. La investigaci\u00f3n, a cargo de la UFI N\u00b04 de Violencia de G\u00e9nero, evidencia la coordinaci\u00f3n de las fuerzas de seguridad para aprovechar la jornada electoral como una oportunidad para resolver causas pendientes.<\/p>\n<p>Estos operativos en distintas ciudades de la provincia demuestran la importancia de las jornadas electorales como un momento en el que los pr\u00f3fugos de la Justicia, confiados en su anonimato, se exponen para cumplir con su obligaci\u00f3n c\u00edvica, lo que facilita su identificaci\u00f3n y arresto por parte de las autoridades.<\/p>\n","protected":false},"excerpt":{"rendered":"<p>Las elecciones legislativas en la provincia de Buenos Aires volvieron a ser un momento crucial no solo para la pol\u00edtica,<\/p>\n","protected":false},"author":1,"featured_media":119484,"comment_status":"closed","ping_status":"closed","sticky":false,"template":"","format":"standard","meta":{"kia_subtitle":"Una vez m\u00e1s, las elecciones en la provincia de Buenos Aires se convirtieron en el escenario de la captura de pr\u00f3fugos de la Justicia. Varios de ellos, buscados por delitos graves, fueron sorprendidos y detenidos en las escuelas donde se acercaron a cumplir con su deber c\u00edvico.","footnotes":"","jetpack_publicize_message":"","jetpack_publicize_feature_enabled":true,"jetpack_social_post_already_shared":true,"jetpack_social_options":{"image_generator_settings":{"template":"highway","default_image_id":0,"font":"","enabled":false},"version":2}},"categories":[8],"tags":[],"class_list":["post-119483","post","type-post","status-publish","format-standard","has-post-thumbnail","hentry","category-policiales"],"jetpack_publicize_connections":[],"jetpack_featured_media_url":"https:\/\/laurbedigital.com.ar\/noticias\/wp-content\/uploads\/2025\/09\/20250908-profugos.jpg","_links":{"self":[{"href":"https:\/\/laurbedigital.com.ar\/noticias\/wp-json\/wp\/v2\/posts\/119483","targetHints":{"allow":["GET"]}}],"collection":[{"href":"https:\/\/laurbedigital.com.ar\/noticias\/wp-json\/wp\/v2\/posts"}],"about":[{"href":"https:\/\/laurbedigital.com.ar\/noticias\/wp-json\/wp\/v2\/types\/post"}],"author":[{"embeddable":true,"href":"https:\/\/laurbedigital.com.ar\/noticias\/wp-json\/wp\/v2\/users\/1"}],"replies":[{"embeddable":true,"href":"https:\/\/laurbedigital.com.ar\/noticias\/wp-json\/wp\/v2\/comments?post=119483"}],"version-history":[{"count":2,"href":"https:\/\/laurbedigital.com.ar\/noticias\/wp-json\/wp\/v2\/posts\/119483\/revisions"}],"predecessor-version":[{"id":119486,"href":"https:\/\/laurbedigital.com.ar\/noticias\/wp-json\/wp\/v2\/posts\/119483\/revisions\/119486"}],"wp:featuredmedia":[{"embeddable":true,"href":"https:\/\/laurbedigital.com.ar\/noticias\/wp-json\/wp\/v2\/media\/119484"}],"wp:attachment":[{"href":"https:\/\/laurbedigital.com.ar\/noticias\/wp-json\/wp\/v2\/media?parent=119483"}],"wp:term":[{"taxonomy":"category","embeddable":true,"href":"https:\/\/laurbedigital.com.ar\/noticias\/wp-json\/wp\/v2\/categories?post=119483"},{"taxonomy":"post_tag","embeddable":true,"href":"https:\/\/laurbedigital.com.ar\/noticias\/wp-json\/wp\/v2\/tags?post=119483"}],"curies":[{"name":"wp","href":"https:\/\/api.w.org\/{rel}","templated":true}]}}