{"id":119479,"date":"2025-09-08T00:55:37","date_gmt":"2025-09-08T03:55:37","guid":{"rendered":"https:\/\/laurbedigital.com.ar\/noticias\/?p=119479"},"modified":"2025-09-08T00:55:37","modified_gmt":"2025-09-08T03:55:37","slug":"merlina-tendra-tercera-temporada-netflix-confirma-la-continuacion-de-la-serie-de-tim-burton","status":"publish","type":"post","link":"https:\/\/laurbedigital.com.ar\/noticias\/2025\/09\/08\/merlina-tendra-tercera-temporada-netflix-confirma-la-continuacion-de-la-serie-de-tim-burton\/","title":{"rendered":"Merlina tendr\u00e1 tercera temporada: Netflix confirma la continuaci\u00f3n de la serie de Tim Burton"},"content":{"rendered":"<p>En un mercado de streaming cada vez m\u00e1s competitivo, la renovaci\u00f3n de una serie es un claro indicador de su \u00e9xito y del impacto que ha generado en la audiencia. Este es el caso de <b>Merlina<\/b>, la exitosa producci\u00f3n de Netflix dirigida por el aclamado Tim Burton. Tras el reciente estreno de la segunda temporada, la plataforma de streaming no tard\u00f3 en confirmar lo que muchos fan\u00e1ticos esperaban: habr\u00e1 una tercera entrega. Este anuncio asegura la continuidad de una de las series m\u00e1s vistas y aclamadas de los \u00faltimos a\u00f1os, protagonizada por Jenna Ortega.<\/p>\n<h3>Qu\u00e9 esperar de la tercera temporada<\/h3>\n<p>Si bien a\u00fan no hay una fecha de estreno confirmada ni se han revelado los nombres del elenco completo, los creadores de la serie, Alfred Gough y Miles Millar, ofrecieron pistas clave sobre la direcci\u00f3n que tomar\u00e1 la historia. Seg\u00fan sus declaraciones, la pr\u00f3xima temporada se centrar\u00e1 en dos puntos cruciales: la exploraci\u00f3n de \u00abm\u00e1s secretos siniestros\u00bb de la Academia Nevermore y una inmersi\u00f3n m\u00e1s profunda en el oscuro y macabro legado de la familia Addams.<\/p>\n<p>Gough y Millar citaron a la propia Merlina para resumir el esp\u00edritu de la nueva temporada: <i>\u00abNada une m\u00e1s a una familia que una buena exhumaci\u00f3n.\u00bb<\/i> Esta frase, que combina el humor negro caracter\u00edstico del personaje con la tem\u00e1tica de la serie, sugiere que la trama se adentrar\u00e1 en las ra\u00edces de la familia, revelando misterios y posiblemente nuevos personajes que est\u00e9n vinculados a su pasado.<\/p>\n<p><img loading=\"lazy\" decoding=\"async\" class=\"alignnone size-full wp-image-118517\" src=\"https:\/\/laurbedigital.com.ar\/noticias\/wp-content\/uploads\/2025\/08\/20260807-Merlina.jpg\" alt=\"Merlina\" width=\"768\" height=\"428\" title=\"\" srcset=\"https:\/\/laurbedigital.com.ar\/noticias\/wp-content\/uploads\/2025\/08\/20260807-Merlina.jpg 768w, https:\/\/laurbedigital.com.ar\/noticias\/wp-content\/uploads\/2025\/08\/20260807-Merlina-300x167.jpg 300w\" sizes=\"auto, (max-width: 768px) 100vw, 768px\" \/><\/p>\n<h3>Un fen\u00f3meno global que no se detiene<\/h3>\n<p>El impacto de <b>Merlina<\/b> en la cultura pop fue instant\u00e1neo. La serie, que debut\u00f3 el 23 de noviembre de 2022, se convirti\u00f3 en un \u00e9xito rotundo para Netflix, acumulando 252.1 millones de vistas en tan solo 91 d\u00edas y manteni\u00e9ndose en el primer puesto del Top 10 mundial durante seis semanas consecutivas.<\/p>\n<p>Bela Bajaria, Directora de Contenidos de Netflix, destac\u00f3 el \u00abinnegable impacto\u00bb de la serie y su resonancia con los fans en todo el mundo. La popularidad de la producci\u00f3n, impulsada por el talento de Jenna Ortega y la visi\u00f3n \u00fanica de Tim Burton, fue la raz\u00f3n principal para la renovaci\u00f3n.<\/p>\n<h3>Elenco y novedades de la segunda temporada<\/h3>\n<p>La segunda temporada, estrenada en dos partes, no solo trajo de vuelta a un elenco querido, sino que tambi\u00e9n incorpor\u00f3 nuevas caras. Los primeros cuatro episodios, lanzados el 6 de agosto, incluyeron las participaciones especiales de actores de renombre como Fred Armisen, Christopher Lloyd y Thandiwe Newton. La segunda tanda de episodios, disponible desde el 3 de septiembre, sorprendi\u00f3 a los espectadores con la inclusi\u00f3n de Frances O\u2019Connor y, notablemente, de la cantante y actriz <b>Lady Gaga<\/b>. Adem\u00e1s de su papel, Lady Gaga contribuy\u00f3 a la banda sonora de la serie con su canci\u00f3n \u201cThe Dead Dance\u201d, sumando otro elemento de inter\u00e9s para los fans.<\/p>\n<p>La confirmaci\u00f3n de la tercera temporada no solo es una buena noticia para los seguidores, sino que tambi\u00e9n refuerza la apuesta de Netflix por producciones de gran escala con potencial para convertirse en franquicias duraderas. El futuro de <i>Merlina<\/i> promete ser tan oscuro y misterioso como su protagonista.<\/p>\n","protected":false},"excerpt":{"rendered":"<p>En un mercado de streaming cada vez m\u00e1s competitivo, la renovaci\u00f3n de una serie es un claro indicador de su<\/p>\n","protected":false},"author":1,"featured_media":119480,"comment_status":"closed","ping_status":"closed","sticky":false,"template":"","format":"standard","meta":{"kia_subtitle":"Netflix confirm\u00f3 la producci\u00f3n de una tercera temporada de Merlina, la serie de Tim Burton que se convirti\u00f3 en un fen\u00f3meno mundial. Tras el reciente lanzamiento de la segunda entrega, los creadores de la serie revelaron algunos detalles sobre la nueva trama.","footnotes":"","jetpack_publicize_message":"","jetpack_publicize_feature_enabled":true,"jetpack_social_post_already_shared":true,"jetpack_social_options":{"image_generator_settings":{"template":"highway","default_image_id":0,"font":"","enabled":false},"version":2}},"categories":[2600,68],"tags":[],"class_list":["post-119479","post","type-post","status-publish","format-standard","has-post-thumbnail","hentry","category-espectaculo","category-cine-y-series"],"jetpack_publicize_connections":[],"jetpack_featured_media_url":"https:\/\/laurbedigital.com.ar\/noticias\/wp-content\/uploads\/2025\/09\/20250907-merlina.jpg","_links":{"self":[{"href":"https:\/\/laurbedigital.com.ar\/noticias\/wp-json\/wp\/v2\/posts\/119479","targetHints":{"allow":["GET"]}}],"collection":[{"href":"https:\/\/laurbedigital.com.ar\/noticias\/wp-json\/wp\/v2\/posts"}],"about":[{"href":"https:\/\/laurbedigital.com.ar\/noticias\/wp-json\/wp\/v2\/types\/post"}],"author":[{"embeddable":true,"href":"https:\/\/laurbedigital.com.ar\/noticias\/wp-json\/wp\/v2\/users\/1"}],"replies":[{"embeddable":true,"href":"https:\/\/laurbedigital.com.ar\/noticias\/wp-json\/wp\/v2\/comments?post=119479"}],"version-history":[{"count":2,"href":"https:\/\/laurbedigital.com.ar\/noticias\/wp-json\/wp\/v2\/posts\/119479\/revisions"}],"predecessor-version":[{"id":119482,"href":"https:\/\/laurbedigital.com.ar\/noticias\/wp-json\/wp\/v2\/posts\/119479\/revisions\/119482"}],"wp:featuredmedia":[{"embeddable":true,"href":"https:\/\/laurbedigital.com.ar\/noticias\/wp-json\/wp\/v2\/media\/119480"}],"wp:attachment":[{"href":"https:\/\/laurbedigital.com.ar\/noticias\/wp-json\/wp\/v2\/media?parent=119479"}],"wp:term":[{"taxonomy":"category","embeddable":true,"href":"https:\/\/laurbedigital.com.ar\/noticias\/wp-json\/wp\/v2\/categories?post=119479"},{"taxonomy":"post_tag","embeddable":true,"href":"https:\/\/laurbedigital.com.ar\/noticias\/wp-json\/wp\/v2\/tags?post=119479"}],"curies":[{"name":"wp","href":"https:\/\/api.w.org\/{rel}","templated":true}]}}