{"id":119473,"date":"2025-09-08T00:34:09","date_gmt":"2025-09-08T03:34:09","guid":{"rendered":"https:\/\/laurbedigital.com.ar\/noticias\/?p=119473"},"modified":"2025-09-08T00:34:09","modified_gmt":"2025-09-08T03:34:09","slug":"dia-internacional-del-periodista","status":"publish","type":"post","link":"https:\/\/laurbedigital.com.ar\/noticias\/2025\/09\/08\/dia-internacional-del-periodista\/","title":{"rendered":"D\u00eda Internacional del Periodista: por qu\u00e9 se celebra el 8 de septiembre"},"content":{"rendered":"<p><b>El D\u00eda Internacional del Periodista se celebra cada 8 de septiembre en homenaje al checo Julius Fucik,<\/b>\u00a0quien fue ejecutado en Berl\u00edn en 1943. Su \u201cReportaje al pie de la horca\u201d, que se public\u00f3 en 1945, trascendi\u00f3 fronteras y se tradujo en m\u00e1s de 80 idiomas. A su vez,<b>\u00a0Fucik recibi\u00f3 a t\u00edtulo p\u00f3stumo el Premio Internacional de la Paz en 1950.<\/b><\/p>\n<h4><strong>D\u00eda Internacional del Periodista: \u00bfqui\u00e9n fue Julius Fucik?<\/strong><\/h4>\n<p>Fucik estudio filosof\u00eda y en 1921 se afili\u00f3 al Partido Comunista.\u00a0<b>Comenz\u00f3 como cr\u00edtico literario y teatral hasta que se convirti\u00f3 en redactor de diversas revistas afines a su ideolog\u00eda, como Rude Pravo y Tvorba, en las que public\u00f3 decenas de reportajes.\u200b<\/b><\/p>\n<p>Cuando el ej\u00e9rcito nazi ocup\u00f3 Checoslovaquia,\u00a0<b>continu\u00f3 publicando con seud\u00f3nimo, recuperando las figuras clave de la cultura progresista checoslovaca y en 1941 pas\u00f3 a ser miembro del Comit\u00e9 Central del Partido Comunista en la clandestinidad, encarg\u00e1ndose de las publicaciones ilegales.<\/b><\/p>\n<p>Sin embargo,<b>\u00a0en abril de 1942 fue detenido por la Gestapo, trasladado a Berl\u00edn en el verano del a\u00f1o siguiente, torturado, y colgado poco despu\u00e9s.<\/b>\u00a0Durante su estad\u00eda en la c\u00e1rcel escribi\u00f3 Reportaje al pie de la horca, libro que inmortaliz\u00f3 su figura.<\/p>\n<p><img loading=\"lazy\" decoding=\"async\" class=\"alignnone size-full wp-image-82099\" src=\"https:\/\/laurbedigital.com.ar\/noticias\/wp-content\/uploads\/2022\/09\/Julius.jpg\" alt=\"\" width=\"1173\" height=\"1133\" title=\"\" srcset=\"https:\/\/laurbedigital.com.ar\/noticias\/wp-content\/uploads\/2022\/09\/Julius.jpg 1173w, https:\/\/laurbedigital.com.ar\/noticias\/wp-content\/uploads\/2022\/09\/Julius-300x290.jpg 300w, https:\/\/laurbedigital.com.ar\/noticias\/wp-content\/uploads\/2022\/09\/Julius-1024x989.jpg 1024w, https:\/\/laurbedigital.com.ar\/noticias\/wp-content\/uploads\/2022\/09\/Julius-768x742.jpg 768w\" sizes=\"auto, (max-width: 1173px) 100vw, 1173px\" \/><\/p>\n","protected":false},"excerpt":{"rendered":"<p>El D\u00eda Internacional del Periodista se celebra cada 8 de septiembre en homenaje al checo Julius Fucik,\u00a0quien fue ejecutado en<\/p>\n","protected":false},"author":1,"featured_media":82098,"comment_status":"closed","ping_status":"closed","sticky":false,"template":"","format":"standard","meta":{"kia_subtitle":"Este domingo se conmemora el D\u00eda Internacional del Periodista en homenaje al checo Julius Fucik, quien fue ejecutado en Berl\u00edn en 1943. Conoc\u00e9 su historia.","footnotes":"","jetpack_publicize_message":"","jetpack_publicize_feature_enabled":true,"jetpack_social_post_already_shared":true,"jetpack_social_options":{"image_generator_settings":{"template":"highway","default_image_id":0,"font":"","enabled":false},"version":2}},"categories":[5,2594],"tags":[],"class_list":["post-119473","post","type-post","status-publish","format-standard","has-post-thumbnail","hentry","category-cultura","category-efemerides"],"jetpack_publicize_connections":[],"jetpack_featured_media_url":"https:\/\/laurbedigital.com.ar\/noticias\/wp-content\/uploads\/2022\/09\/20220909-Periodista.jpg","_links":{"self":[{"href":"https:\/\/laurbedigital.com.ar\/noticias\/wp-json\/wp\/v2\/posts\/119473","targetHints":{"allow":["GET"]}}],"collection":[{"href":"https:\/\/laurbedigital.com.ar\/noticias\/wp-json\/wp\/v2\/posts"}],"about":[{"href":"https:\/\/laurbedigital.com.ar\/noticias\/wp-json\/wp\/v2\/types\/post"}],"author":[{"embeddable":true,"href":"https:\/\/laurbedigital.com.ar\/noticias\/wp-json\/wp\/v2\/users\/1"}],"replies":[{"embeddable":true,"href":"https:\/\/laurbedigital.com.ar\/noticias\/wp-json\/wp\/v2\/comments?post=119473"}],"version-history":[{"count":2,"href":"https:\/\/laurbedigital.com.ar\/noticias\/wp-json\/wp\/v2\/posts\/119473\/revisions"}],"predecessor-version":[{"id":119475,"href":"https:\/\/laurbedigital.com.ar\/noticias\/wp-json\/wp\/v2\/posts\/119473\/revisions\/119475"}],"wp:featuredmedia":[{"embeddable":true,"href":"https:\/\/laurbedigital.com.ar\/noticias\/wp-json\/wp\/v2\/media\/82098"}],"wp:attachment":[{"href":"https:\/\/laurbedigital.com.ar\/noticias\/wp-json\/wp\/v2\/media?parent=119473"}],"wp:term":[{"taxonomy":"category","embeddable":true,"href":"https:\/\/laurbedigital.com.ar\/noticias\/wp-json\/wp\/v2\/categories?post=119473"},{"taxonomy":"post_tag","embeddable":true,"href":"https:\/\/laurbedigital.com.ar\/noticias\/wp-json\/wp\/v2\/tags?post=119473"}],"curies":[{"name":"wp","href":"https:\/\/api.w.org\/{rel}","templated":true}]}}