{"id":119470,"date":"2025-09-08T00:27:29","date_gmt":"2025-09-08T03:27:29","guid":{"rendered":"https:\/\/laurbedigital.com.ar\/noticias\/?p=119470"},"modified":"2025-09-08T00:28:19","modified_gmt":"2025-09-08T03:28:19","slug":"la-provincia-de-buenos-aires-se-tine-de-peronismo-fuerza-patria-se-impuso-por-14-puntos-sobre-la-libertad-avanza","status":"publish","type":"post","link":"https:\/\/laurbedigital.com.ar\/noticias\/2025\/09\/08\/la-provincia-de-buenos-aires-se-tine-de-peronismo-fuerza-patria-se-impuso-por-14-puntos-sobre-la-libertad-avanza\/","title":{"rendered":"La provincia de Buenos Aires se ti\u00f1e de peronismo: Fuerza Patria se impuso por 14 puntos sobre La Libertad Avanza"},"content":{"rendered":"<p>La provincia de Buenos Aires, el mayor basti\u00f3n electoral del pa\u00eds, ha dado un veredicto claro y contundente. En las elecciones legislativas celebradas este domingo, el peronismo bonaerense, bajo el sello de Fuerza Patria, obtuvo una victoria abrumadora sobre La Libertad Avanza (LLA), la fuerza que lidera el presidente Javier Milei. Con el 95% de las mesas escrutadas, Fuerza Patria se impuso con el 47,27% de los votos, frente a un 33,71% de LLA, una diferencia de casi 14 puntos que representa un duro golpe para el oficialismo y un rev\u00e9s inesperado para una administraci\u00f3n que hab\u00eda vaticinado una victoria. Este resultado, que ni siquiera los propios libertarios esperaban, obliga a una profunda reflexi\u00f3n sobre la direcci\u00f3n del Gobierno y su capacidad de sostener el apoyo popular en el principal distrito del pa\u00eds.<\/p>\n<p>El peronismo bonaerense, con su basti\u00f3n en la Tercera Secci\u00f3n Electoral, demostr\u00f3 una vez m\u00e1s su capacidad de movilizaci\u00f3n y su arraigo territorial. La lista encabezada por la vicegobernadora Ver\u00f3nica Magario y el intendente Fernando Espinoza en La Matanza, por ejemplo, super\u00f3 el 56% de los votos. Este desempe\u00f1o no solo consolida el liderazgo del gobernador Axel Kicillof, sino que tambi\u00e9n lo proyecta como una figura de peso en el panorama nacional de cara a futuras contiendas electorales, reforzando su posici\u00f3n como un potencial candidato presidencial para 2027.<\/p>\n<h4>Un duro rev\u00e9s para la estrategia oficialista<\/h4>\n<p>El presidente Javier Milei, quien al inicio de la campa\u00f1a hab\u00eda prometido \u00abpintar la provincia de violeta\u00bb y \u00abponerle el \u00faltimo clavo al caj\u00f3n del kirchnerismo\u00bb, pag\u00f3 caro su decisi\u00f3n de nacionalizar la contienda. El intento de convertir la elecci\u00f3n provincial en una validaci\u00f3n de su gesti\u00f3n fracas\u00f3 estrepitosamente. El malestar social, palpable en actos de campa\u00f1a donde el Presidente y su equipo fueron recibidos con hostilidad, se tradujo en las urnas. La derrota en Buenos Aires, sumada a los resultados negativos en otros distritos como Formosa y Corrientes, debilita la narrativa libertaria de un cambio irreversible y pone de manifiesto el l\u00edmite de la polarizaci\u00f3n como \u00fanica estrategia pol\u00edtica.<\/p>\n<p>El contexto en el que se celebr\u00f3 la elecci\u00f3n no fue favorable para el Gobierno. El esc\u00e1ndalo por presuntas coimas en la Agencia Nacional de Discapacidad (ANDIS), que involucra a la secretaria general de la Presidencia, Karina Milei, as\u00ed como el impacto del ajuste econ\u00f3mico en la clase media y los sectores m\u00e1s vulnerables, pareci\u00f3 erosionar la base electoral que se hab\u00eda ilusionado con la promesa de que \u00abel ajuste lo iba a pagar la casta\u00bb. La derrota en las urnas refleja un descontento creciente y un rechazo a un modelo econ\u00f3mico que, seg\u00fan las urnas, parece no estar funcionando para una parte significativa de la poblaci\u00f3n.<\/p>\n<h4>Las repercusiones pol\u00edticas de la elecci\u00f3n<\/h4>\n<p>El contundente triunfo de Kicillof consolida su liderazgo, demostrando el acierto de su estrategia de desdoblar las elecciones provinciales de las nacionales. Esta decisi\u00f3n, resistida en su momento por figuras como la ex presidenta Cristina Kirchner, ahora se ve como una jugada maestra que le permiti\u00f3 al peronismo bonaerense capitalizar el descontento local y distanciarse del desgaste de la gesti\u00f3n nacional.<\/p>\n<p>Para el Gobierno de Milei, la derrota es un llamado de atenci\u00f3n. Sin embargo, en su discurso desde el b\u00fanker libertario, el Presidente ratific\u00f3 que no habr\u00e1 cambios en el rumbo econ\u00f3mico. \u00abVamos a seguir defendiendo con u\u00f1as y dientes el equilibrio fiscal y la restricci\u00f3n monetaria\u00bb, anunci\u00f3, en una declaraci\u00f3n que parece ignorar la lectura que el electorado hizo en las urnas. La derrota lo obliga a reconsiderar su estrategia de cara a las elecciones legislativas nacionales de octubre, donde la conformaci\u00f3n del Congreso ser\u00e1 crucial para la gobernabilidad. El peronismo, por su parte, llegar\u00e1 a esa contienda fortalecido y con un claro mensaje de que el mapa pol\u00edtico de la Argentina no es tan un\u00e1nime como el oficialismo quisiera.<\/p>\n<p>La participaci\u00f3n ciudadana en la elecci\u00f3n bonaerense fue del 65% del padr\u00f3n, una de las m\u00e1s bajas desde 1983, pero que super\u00f3 las proyecciones iniciales. Este dato, aunque menor a lo habitual, subraya la importancia de la elecci\u00f3n y el veredicto de los casi 5 millones de personas que decidieron no participar, una cifra que tambi\u00e9n habla del estado de \u00e1nimo de una parte de la sociedad. La nueva composici\u00f3n de la Legislatura provincial a partir del 10 de diciembre ser\u00e1 clave para el futuro de la gobernabilidad en Buenos Aires.<\/p>\n","protected":false},"excerpt":{"rendered":"<p>La provincia de Buenos Aires, el mayor basti\u00f3n electoral del pa\u00eds, ha dado un veredicto claro y contundente. En las<\/p>\n","protected":false},"author":1,"featured_media":119471,"comment_status":"closed","ping_status":"closed","sticky":false,"template":"","format":"standard","meta":{"kia_subtitle":"La derrota electoral de Javier Milei en su intento de nacionalizar la contienda obliga al oficialismo a repensar su estrategia de cara a las legislativas de octubre, en un contexto de crisis pol\u00edtica y econ\u00f3mica.","footnotes":"","jetpack_publicize_message":"","jetpack_publicize_feature_enabled":true,"jetpack_social_post_already_shared":true,"jetpack_social_options":{"image_generator_settings":{"template":"highway","default_image_id":0,"font":"","enabled":false},"version":2}},"categories":[3,56,41],"tags":[],"class_list":["post-119470","post","type-post","status-publish","format-standard","has-post-thumbnail","hentry","category-actualidad","category-buenos-aires","category-nacionales"],"jetpack_publicize_connections":[],"jetpack_featured_media_url":"https:\/\/laurbedigital.com.ar\/noticias\/wp-content\/uploads\/2025\/09\/20250907-victoria-Fuerza-Patria-.jpg","_links":{"self":[{"href":"https:\/\/laurbedigital.com.ar\/noticias\/wp-json\/wp\/v2\/posts\/119470","targetHints":{"allow":["GET"]}}],"collection":[{"href":"https:\/\/laurbedigital.com.ar\/noticias\/wp-json\/wp\/v2\/posts"}],"about":[{"href":"https:\/\/laurbedigital.com.ar\/noticias\/wp-json\/wp\/v2\/types\/post"}],"author":[{"embeddable":true,"href":"https:\/\/laurbedigital.com.ar\/noticias\/wp-json\/wp\/v2\/users\/1"}],"replies":[{"embeddable":true,"href":"https:\/\/laurbedigital.com.ar\/noticias\/wp-json\/wp\/v2\/comments?post=119470"}],"version-history":[{"count":1,"href":"https:\/\/laurbedigital.com.ar\/noticias\/wp-json\/wp\/v2\/posts\/119470\/revisions"}],"predecessor-version":[{"id":119472,"href":"https:\/\/laurbedigital.com.ar\/noticias\/wp-json\/wp\/v2\/posts\/119470\/revisions\/119472"}],"wp:featuredmedia":[{"embeddable":true,"href":"https:\/\/laurbedigital.com.ar\/noticias\/wp-json\/wp\/v2\/media\/119471"}],"wp:attachment":[{"href":"https:\/\/laurbedigital.com.ar\/noticias\/wp-json\/wp\/v2\/media?parent=119470"}],"wp:term":[{"taxonomy":"category","embeddable":true,"href":"https:\/\/laurbedigital.com.ar\/noticias\/wp-json\/wp\/v2\/categories?post=119470"},{"taxonomy":"post_tag","embeddable":true,"href":"https:\/\/laurbedigital.com.ar\/noticias\/wp-json\/wp\/v2\/tags?post=119470"}],"curies":[{"name":"wp","href":"https:\/\/api.w.org\/{rel}","templated":true}]}}