{"id":119453,"date":"2025-09-07T03:33:19","date_gmt":"2025-09-07T06:33:19","guid":{"rendered":"https:\/\/laurbedigital.com.ar\/noticias\/?p=119453"},"modified":"2025-09-07T03:33:19","modified_gmt":"2025-09-07T06:33:19","slug":"la-incansable-busqueda-de-rosa-roisinblit-el-adios-a-una-de-las-fundadoras-de-abuelas-de-plaza-de-mayo","status":"publish","type":"post","link":"https:\/\/laurbedigital.com.ar\/noticias\/2025\/09\/07\/la-incansable-busqueda-de-rosa-roisinblit-el-adios-a-una-de-las-fundadoras-de-abuelas-de-plaza-de-mayo\/","title":{"rendered":"La incansable b\u00fasqueda de Rosa Roisinblit: El adi\u00f3s a una de las fundadoras de Abuelas de Plaza de Mayo"},"content":{"rendered":"<p>El pasado 15 de agosto, la Argentina despidi\u00f3 a una de sus figuras m\u00e1s emblem\u00e1ticas y queridas: Rosa Tarlovsky de Roisinblit, presidenta honoraria de Abuelas de Plaza de Mayo. A los 106 a\u00f1os, \u00abRosita\u00bb o \u00abSite\u00bb, como la llamaban sus seres queridos, se fue habiendo cumplido el sue\u00f1o de encontrar a su nieto, pero con la convicci\u00f3n de seguir luchando por los cientos de beb\u00e9s apropiados que a\u00fan faltan por restituir. Su legado no es solo el de una abuela que encontr\u00f3 a su nieto, sino el de una mujer que transform\u00f3 su dolor en una fuerza colectiva de amor y resistencia.<\/p>\n<h3><b>Una vida de compromiso y lucha<\/b><\/h3>\n<p>Nacida en Mois\u00e9s Ville, Santa Fe, en 1919, Rosa Roisinblit se form\u00f3 como obstetra en la Universidad Nacional del Litoral, una carrera que la llevar\u00eda a ser jefa de parteras en la Maternidad Escuela de Obstetricia de Rosario. Su vida dio un giro radical en 1978, cuando la dictadura militar secuestr\u00f3 a su hija, Patricia, y a su yerno, Jos\u00e9 Manuel P\u00e9rez Rojo. En ese momento, Patricia estaba embarazada. La dictadura, un mecanismo de terror y aniquilamiento, no solo se llev\u00f3 la vida de miles de j\u00f3venes, sino que tambi\u00e9n se propuso borrar su identidad, apropi\u00e1ndose de sus hijos.<\/p>\n<p>El terror y el miedo no la detuvieron. \u00abEl amor por nuestros hijos y nietos est\u00e1 por encima del miedo\u00bb, una frase que Rosa repiti\u00f3 a lo largo de los a\u00f1os, encapsula el esp\u00edritu inquebrantable de las Abuelas. Se uni\u00f3 a la asociaci\u00f3n, convirti\u00e9ndose en una de sus m\u00e1ximas dirigentes. A pesar de su avanzada edad, su compromiso nunca flaque\u00f3.<\/p>\n<h3><b>El encuentro que cambi\u00f3 su vida<\/b><\/h3>\n<p>En el a\u00f1o 2000, gracias a la incansable labor de Abuelas de Plaza de Mayo y a una denuncia recibida, Rosa finalmente encontr\u00f3 a su nieto, Guillermo. Este encuentro fue posible tambi\u00e9n por la colaboraci\u00f3n de su nieta, Mariana Eva P\u00e9rez, hija de Patricia y Jos\u00e9. La restituci\u00f3n de la identidad de Guillermo fue un momento de inmensa felicidad, pero no signific\u00f3 el fin de la lucha para Rosa.<\/p>\n<p>A pesar de haber encontrado a su nieto, Rosita continu\u00f3 asistiendo diariamente a la sede de Abuelas. Con la misma energ\u00eda que la caracterizaba, y sin perder su coqueter\u00eda, que la hac\u00eda lucir siempre con tacones, sigui\u00f3 trabajando en la b\u00fasqueda de los m\u00e1s de 300 nietos que a\u00fan faltan por encontrar. En el organismo, donde fue reconocida como presidenta honoraria, dej\u00f3 una marca imborrable de compromiso y perseverancia. \u00abNos faltan encontrar 300 nietos, pero los estamos buscando y los vamos a encontrar\u00bb, sol\u00eda decir.<\/p>\n<p>El legado de Rosa Roisinblit es un faro de esperanza. Su vida es la prueba de que el amor puede ser una fuerza m\u00e1s poderosa que el odio y que la b\u00fasqueda de la verdad y la justicia no tiene fecha de vencimiento. Su partida es un recordatorio de que la lucha contin\u00faa y que las nuevas generaciones tienen la responsabilidad de seguir el camino que ella y sus compa\u00f1eras trazaron con tanto coraje y determinaci\u00f3n.<\/p>\n","protected":false},"excerpt":{"rendered":"<p>El pasado 15 de agosto, la Argentina despidi\u00f3 a una de sus figuras m\u00e1s emblem\u00e1ticas y queridas: Rosa Tarlovsky de<\/p>\n","protected":false},"author":1,"featured_media":119454,"comment_status":"closed","ping_status":"closed","sticky":false,"template":"","format":"standard","meta":{"kia_subtitle":"Rosa Roisinblit, una de las figuras m\u00e1s emblem\u00e1ticas y presidentas honorarias de Abuelas de Plaza de Mayo, falleci\u00f3 a los 106 a\u00f1os. Su vida estuvo marcada por la incansable b\u00fasqueda de su nieto y su lucha por los derechos humanos, convirti\u00e9ndola en un s\u00edmbolo de resiliencia y esperanza.","footnotes":"","jetpack_publicize_message":"","jetpack_publicize_feature_enabled":true,"jetpack_social_post_already_shared":true,"jetpack_social_options":{"image_generator_settings":{"template":"highway","default_image_id":0,"font":"","enabled":false},"version":2}},"categories":[3,61,41],"tags":[],"class_list":["post-119453","post","type-post","status-publish","format-standard","has-post-thumbnail","hentry","category-actualidad","category-ddhh","category-nacionales"],"jetpack_publicize_connections":[],"jetpack_featured_media_url":"https:\/\/laurbedigital.com.ar\/noticias\/wp-content\/uploads\/2025\/09\/20250907-Rosa-Roisinblit.jpg","_links":{"self":[{"href":"https:\/\/laurbedigital.com.ar\/noticias\/wp-json\/wp\/v2\/posts\/119453","targetHints":{"allow":["GET"]}}],"collection":[{"href":"https:\/\/laurbedigital.com.ar\/noticias\/wp-json\/wp\/v2\/posts"}],"about":[{"href":"https:\/\/laurbedigital.com.ar\/noticias\/wp-json\/wp\/v2\/types\/post"}],"author":[{"embeddable":true,"href":"https:\/\/laurbedigital.com.ar\/noticias\/wp-json\/wp\/v2\/users\/1"}],"replies":[{"embeddable":true,"href":"https:\/\/laurbedigital.com.ar\/noticias\/wp-json\/wp\/v2\/comments?post=119453"}],"version-history":[{"count":1,"href":"https:\/\/laurbedigital.com.ar\/noticias\/wp-json\/wp\/v2\/posts\/119453\/revisions"}],"predecessor-version":[{"id":119455,"href":"https:\/\/laurbedigital.com.ar\/noticias\/wp-json\/wp\/v2\/posts\/119453\/revisions\/119455"}],"wp:featuredmedia":[{"embeddable":true,"href":"https:\/\/laurbedigital.com.ar\/noticias\/wp-json\/wp\/v2\/media\/119454"}],"wp:attachment":[{"href":"https:\/\/laurbedigital.com.ar\/noticias\/wp-json\/wp\/v2\/media?parent=119453"}],"wp:term":[{"taxonomy":"category","embeddable":true,"href":"https:\/\/laurbedigital.com.ar\/noticias\/wp-json\/wp\/v2\/categories?post=119453"},{"taxonomy":"post_tag","embeddable":true,"href":"https:\/\/laurbedigital.com.ar\/noticias\/wp-json\/wp\/v2\/tags?post=119453"}],"curies":[{"name":"wp","href":"https:\/\/api.w.org\/{rel}","templated":true}]}}