{"id":119416,"date":"2025-09-05T03:13:20","date_gmt":"2025-09-05T06:13:20","guid":{"rendered":"https:\/\/laurbedigital.com.ar\/noticias\/?p=119416"},"modified":"2025-09-05T03:13:20","modified_gmt":"2025-09-05T06:13:20","slug":"el-senado-limita-los-dnu-de-milei-con-una-votacion-historica","status":"publish","type":"post","link":"https:\/\/laurbedigital.com.ar\/noticias\/2025\/09\/05\/el-senado-limita-los-dnu-de-milei-con-una-votacion-historica\/","title":{"rendered":"El Senado limita los DNU de Milei con una votaci\u00f3n hist\u00f3rica"},"content":{"rendered":"<p>En un movimiento que marca un antes y un despu\u00e9s en la relaci\u00f3n entre el Poder Legislativo y el Ejecutivo, el Senado de la Naci\u00f3n aprob\u00f3 por una abrumadora mayor\u00eda una reforma clave al r\u00e9gimen de Decretos de Necesidad y Urgencia (DNU). La votaci\u00f3n, que cont\u00f3 con 56 votos a favor y solo 8 en contra, envi\u00f3 un mensaje claro al gobierno de Javier Milei sobre los l\u00edmites al ejercicio de las facultades presidenciales, especialmente en lo que se refiere a la gobernabilidad a trav\u00e9s de decretos. El proyecto ahora se traslada a la C\u00e1mara de Diputados, donde el oficialismo intentar\u00e1 revertir este duro rev\u00e9s.<\/p>\n<p>La propuesta, impulsada por bloques opositores de diversas extracciones, busca desmantelar la \u00abaprobaci\u00f3n t\u00e1cita\u00bb de los DNU que ha prevalecido hasta ahora. La nueva norma establece un plazo perentorio de 90 d\u00edas para que los decretos sean aprobados por ambas c\u00e1maras del Congreso. En caso de que una de las dos no lo haga, el DNU caer\u00e1 autom\u00e1ticamente. Este cambio fundamental contrasta con la ley actual, la 26.122, que permite a los decretos seguir vigentes indefinidamente si no son rechazados expl\u00edcitamente.<\/p>\n<p>Adem\u00e1s de este plazo, el proyecto impone otra restricci\u00f3n significativa: cada DNU deber\u00e1 tratar un \u00fanico tema, eliminando as\u00ed la posibilidad de que el Poder Ejecutivo incluya m\u00faltiples reformas en un solo decreto. De aprobarse en Diputados, esta medida sepultar\u00eda la ley de 2006, una iron\u00eda hist\u00f3rica dado que la norma fue impulsada por la actual l\u00edder de la oposici\u00f3n, Cristina Fern\u00e1ndez de Kirchner.<\/p>\n<h3>Dur\u00edsimas cr\u00edticas al uso de DNU<\/h3>\n<p>Durante el debate en el recinto, la oposici\u00f3n no escatim\u00f3 en cr\u00edticas hacia el estilo de gobierno de Javier Milei, al que calificaron de \u00abaut\u00f3crata\u00bb y propenso a la \u00absuma del poder p\u00fablico\u00bb. La senadora Alejandra Vigo, presidenta de la comisi\u00f3n de Asuntos Constitucionales, enfatiz\u00f3 que los DNU \u00abson instrumentos de excepci\u00f3n que contravienen la idea de separaci\u00f3n de poderes\u00bb. Sus palabras reflejan un consenso creciente en la oposici\u00f3n sobre la necesidad de restablecer el equilibrio institucional.<\/p>\n<p>El senador radical Pablo Blanco, por su parte, apunt\u00f3 directamente al \u00abr\u00e9cord\u00bb de DNU del actual gobierno y denunci\u00f3 que el oficialismo interpreta la Constituci\u00f3n \u00abde una manera muy particular\u00bb. Tambi\u00e9n record\u00f3 que la ley de 2006, que ahora buscan anular, fue un intento de ordenar la figura de los DNU, aunque reconoci\u00f3 que en la pr\u00e1ctica ha facilitado la concentraci\u00f3n de poder.<\/p>\n<p>La senadora Lucila Crexell, de Provincias Unidas, sum\u00f3 su voz al coro de cr\u00edticas al recordar que la ley actual ha \u00abexacerbado el centralismo y presidencialismo autoritario\u00bb. La legisladora fue tajante al se\u00f1alar que no es aceptable que sea \u00abm\u00e1s f\u00e1cil aprobar un DNU que una ley\u00bb, lo que pone en entredicho el rol del Congreso como poder fundamental de la Rep\u00fablica.<\/p>\n<h3>La postura del oficialismo<\/h3>\n<p>Desde el oficialismo, el l\u00edder de la bancada de La Libertad Avanza, Ezequiel Atauche, defendi\u00f3 el uso de la herramienta. Argument\u00f3 que los DNU son una herramienta esencial para un gobierno que se encuentra en minor\u00eda parlamentaria y que ha sido utilizada por todas las administraciones anteriores. En un tono de confrontaci\u00f3n, Atauche intent\u00f3 minimizar el impacto de la votaci\u00f3n, augurando que la oposici\u00f3n \u00abest\u00e1 de salida\u00bb y que \u00abdentro de poco van a ser un tercio menos\u00bb.<\/p>\n<p>A pesar del intento oficialista de restarle importancia, la votaci\u00f3n en el Senado es un claro indicador de la fragilidad pol\u00edtica del gobierno y de la disposici\u00f3n de la oposici\u00f3n para actuar como un verdadero contrapeso institucional. La iniciativa ahora se enfrentar\u00e1 a la prueba de fuego en la C\u00e1mara de Diputados, donde el oficialismo, aunque en minor\u00eda, buscar\u00e1 negociar para frenar la reforma. Si el proyecto se convierte en ley, marcar\u00e1 un hito en la historia legislativa argentina, poniendo fin a una era de \u00abaprobaciones t\u00e1citas\u00bb y forzando a los futuros gobiernos a negociar y construir consensos en el Congreso.<\/p>\n","protected":false},"excerpt":{"rendered":"<p>En un movimiento que marca un antes y un despu\u00e9s en la relaci\u00f3n entre el Poder Legislativo y el Ejecutivo,<\/p>\n","protected":false},"author":1,"featured_media":119410,"comment_status":"closed","ping_status":"closed","sticky":false,"template":"","format":"standard","meta":{"kia_subtitle":"Con una contundente votaci\u00f3n, el Senado aprob\u00f3 un proyecto que acota dr\u00e1sticamente el uso de los DNU. La iniciativa, que establece un plazo de 90 d\u00edas para su ratificaci\u00f3n, representa un freno legislativo a las pretensiones del Poder Ejecutivo.","footnotes":"","jetpack_publicize_message":"","jetpack_publicize_feature_enabled":true,"jetpack_social_post_already_shared":true,"jetpack_social_options":{"image_generator_settings":{"template":"highway","default_image_id":0,"font":"","enabled":false},"version":2}},"categories":[3,41],"tags":[],"class_list":["post-119416","post","type-post","status-publish","format-standard","has-post-thumbnail","hentry","category-actualidad","category-nacionales"],"jetpack_publicize_connections":[],"jetpack_featured_media_url":"https:\/\/laurbedigital.com.ar\/noticias\/wp-content\/uploads\/2025\/09\/20250905-Senado.jpg","_links":{"self":[{"href":"https:\/\/laurbedigital.com.ar\/noticias\/wp-json\/wp\/v2\/posts\/119416","targetHints":{"allow":["GET"]}}],"collection":[{"href":"https:\/\/laurbedigital.com.ar\/noticias\/wp-json\/wp\/v2\/posts"}],"about":[{"href":"https:\/\/laurbedigital.com.ar\/noticias\/wp-json\/wp\/v2\/types\/post"}],"author":[{"embeddable":true,"href":"https:\/\/laurbedigital.com.ar\/noticias\/wp-json\/wp\/v2\/users\/1"}],"replies":[{"embeddable":true,"href":"https:\/\/laurbedigital.com.ar\/noticias\/wp-json\/wp\/v2\/comments?post=119416"}],"version-history":[{"count":1,"href":"https:\/\/laurbedigital.com.ar\/noticias\/wp-json\/wp\/v2\/posts\/119416\/revisions"}],"predecessor-version":[{"id":119417,"href":"https:\/\/laurbedigital.com.ar\/noticias\/wp-json\/wp\/v2\/posts\/119416\/revisions\/119417"}],"wp:featuredmedia":[{"embeddable":true,"href":"https:\/\/laurbedigital.com.ar\/noticias\/wp-json\/wp\/v2\/media\/119410"}],"wp:attachment":[{"href":"https:\/\/laurbedigital.com.ar\/noticias\/wp-json\/wp\/v2\/media?parent=119416"}],"wp:term":[{"taxonomy":"category","embeddable":true,"href":"https:\/\/laurbedigital.com.ar\/noticias\/wp-json\/wp\/v2\/categories?post=119416"},{"taxonomy":"post_tag","embeddable":true,"href":"https:\/\/laurbedigital.com.ar\/noticias\/wp-json\/wp\/v2\/tags?post=119416"}],"curies":[{"name":"wp","href":"https:\/\/api.w.org\/{rel}","templated":true}]}}