{"id":119348,"date":"2025-09-03T02:03:32","date_gmt":"2025-09-03T05:03:32","guid":{"rendered":"https:\/\/laurbedigital.com.ar\/noticias\/?p=119348"},"modified":"2025-09-03T02:03:32","modified_gmt":"2025-09-03T05:03:32","slug":"juicio-por-presunto-filicidio-una-medica-declaro-que-la-madre-culpo-a-un-accidente-con-un-hierro","status":"publish","type":"post","link":"https:\/\/laurbedigital.com.ar\/noticias\/2025\/09\/03\/juicio-por-presunto-filicidio-una-medica-declaro-que-la-madre-culpo-a-un-accidente-con-un-hierro\/","title":{"rendered":"Juicio por presunto filicidio: Una m\u00e9dica declar\u00f3 que la madre culp\u00f3 a un \u00abaccidente con un hierro\u00bb"},"content":{"rendered":"<p>En el marco del juicio por el presunto filicidio de Guillermo Leonel Francia, de 11 a\u00f1os, en Salta, una m\u00e9dica que lo atendi\u00f3 en la guardia del hospital Papa Francisco brind\u00f3 un testimonio clave. La facultativa relat\u00f3 que, al momento del ingreso del menor, su madre, Lidia Raquel Cardozo, le dijo que el ni\u00f1o \u201csufri\u00f3 un accidente con un hierro\u201d.<\/p>\n<p>La m\u00e9dica rememor\u00f3 la conversaci\u00f3n que tuvo con Cardozo, quien le explic\u00f3 que no se encontraba en la vivienda del Barrio Solidaridad cuando supuestamente ocurri\u00f3 el accidente. Seg\u00fan la versi\u00f3n de la madre, al volver a su casa, encontr\u00f3 a su hijo con \u00abmalestar\u00bb y decidi\u00f3 llevarlo al hospital despu\u00e9s de que su estado de salud empeorara. La profesional de la salud indic\u00f3 que, junto con una compa\u00f1era, intentaron reanimar al menor, pero sin \u00e9xito.<\/p>\n<h3>Testimonios que complican la situaci\u00f3n de la madre<\/h3>\n<p>Adem\u00e1s de la m\u00e9dica, una licenciada en Trabajo Social que particip\u00f3 en la investigaci\u00f3n tambi\u00e9n declar\u00f3 ante la Sala I del Tribunal de Juicio. La trabajadora social, miembro del equipo interdisciplinario de la Unidad de Graves Atentados contra las Personas, inform\u00f3 que su equipo entrevist\u00f3 a vecinos, familiares, docentes y a los padres del ni\u00f1o.<\/p>\n<p>Durante su testimonio, la licenciada indic\u00f3 que algunas de las personas entrevistadas manifestaron tener conocimiento de los \u00abcastigos f\u00edsicos\u00bb que la v\u00edctima padec\u00eda. Estos testimonios, sumados a la versi\u00f3n de la madre sobre el \u00abaccidente\u00bb, complican la situaci\u00f3n judicial de Lidia Raquel Cardozo, quien se encuentra imputada por los delitos de homicidio calificado por el v\u00ednculo y lesiones leves calificadas por el v\u00ednculo. El juicio continuar\u00e1 este mi\u00e9rcoles a las 9:00, con la expectativa de nuevos testimonios que ayuden a esclarecer los hechos.<\/p>\n","protected":false},"excerpt":{"rendered":"<p>En el marco del juicio por el presunto filicidio de Guillermo Leonel Francia, de 11 a\u00f1os, en Salta, una m\u00e9dica<\/p>\n","protected":false},"author":1,"featured_media":119342,"comment_status":"closed","ping_status":"closed","sticky":false,"template":"","format":"standard","meta":{"kia_subtitle":"Una m\u00e9dica del hospital Papa Francisco revel\u00f3 que la madre del menor, Lidia Raquel Cardozo, le atribuy\u00f3 el fallecimiento del ni\u00f1o a un \"accidente con un hierro\", una versi\u00f3n que contrasta con los testimonios de los vecinos que conoc\u00edan los castigos f\u00edsicos que padec\u00eda la v\u00edctima.","footnotes":"","jetpack_publicize_message":"","jetpack_publicize_feature_enabled":true,"jetpack_social_post_already_shared":true,"jetpack_social_options":{"image_generator_settings":{"template":"highway","default_image_id":0,"font":"","enabled":false},"version":2}},"categories":[8],"tags":[],"class_list":["post-119348","post","type-post","status-publish","format-standard","has-post-thumbnail","hentry","category-policiales"],"jetpack_publicize_connections":[],"jetpack_featured_media_url":"https:\/\/laurbedigital.com.ar\/noticias\/wp-content\/uploads\/2025\/09\/20250903-Guillermo.jpg","_links":{"self":[{"href":"https:\/\/laurbedigital.com.ar\/noticias\/wp-json\/wp\/v2\/posts\/119348","targetHints":{"allow":["GET"]}}],"collection":[{"href":"https:\/\/laurbedigital.com.ar\/noticias\/wp-json\/wp\/v2\/posts"}],"about":[{"href":"https:\/\/laurbedigital.com.ar\/noticias\/wp-json\/wp\/v2\/types\/post"}],"author":[{"embeddable":true,"href":"https:\/\/laurbedigital.com.ar\/noticias\/wp-json\/wp\/v2\/users\/1"}],"replies":[{"embeddable":true,"href":"https:\/\/laurbedigital.com.ar\/noticias\/wp-json\/wp\/v2\/comments?post=119348"}],"version-history":[{"count":1,"href":"https:\/\/laurbedigital.com.ar\/noticias\/wp-json\/wp\/v2\/posts\/119348\/revisions"}],"predecessor-version":[{"id":119349,"href":"https:\/\/laurbedigital.com.ar\/noticias\/wp-json\/wp\/v2\/posts\/119348\/revisions\/119349"}],"wp:featuredmedia":[{"embeddable":true,"href":"https:\/\/laurbedigital.com.ar\/noticias\/wp-json\/wp\/v2\/media\/119342"}],"wp:attachment":[{"href":"https:\/\/laurbedigital.com.ar\/noticias\/wp-json\/wp\/v2\/media?parent=119348"}],"wp:term":[{"taxonomy":"category","embeddable":true,"href":"https:\/\/laurbedigital.com.ar\/noticias\/wp-json\/wp\/v2\/categories?post=119348"},{"taxonomy":"post_tag","embeddable":true,"href":"https:\/\/laurbedigital.com.ar\/noticias\/wp-json\/wp\/v2\/tags?post=119348"}],"curies":[{"name":"wp","href":"https:\/\/api.w.org\/{rel}","templated":true}]}}