{"id":119340,"date":"2025-09-03T01:57:08","date_gmt":"2025-09-03T04:57:08","guid":{"rendered":"https:\/\/laurbedigital.com.ar\/noticias\/?p=119340"},"modified":"2025-09-03T01:57:08","modified_gmt":"2025-09-03T04:57:08","slug":"la-mirada-realista-de-kicillof-sobre-la-politica-economica-de-milei-se-hundieron-no-flotan-mas","status":"publish","type":"post","link":"https:\/\/laurbedigital.com.ar\/noticias\/2025\/09\/03\/la-mirada-realista-de-kicillof-sobre-la-politica-economica-de-milei-se-hundieron-no-flotan-mas\/","title":{"rendered":"La mirada realista de Kicillof sobre la pol\u00edtica econ\u00f3mica de Milei: \u00abSe hundieron, no flotan m\u00e1s\u00bb"},"content":{"rendered":"<p>En un acto por el D\u00eda de la Industria, el gobernador de la provincia de Buenos Aires, Axel Kicillof, lanz\u00f3 un duro cuestionamiento al rumbo econ\u00f3mico de la gesti\u00f3n de Javier Milei, asegurando que sus pol\u00edticas est\u00e1n destruyendo el tejido productivo del pa\u00eds. El mandatario bonaerense, ante un auditorio compuesto por empresarios, trabajadores y dirigentes, no solo denunci\u00f3 el cierre de miles de empresas y el aumento del desempleo, sino que tambi\u00e9n convoc\u00f3 a la ciudadan\u00eda a manifestar su descontento en las urnas el pr\u00f3ximo 7 de septiembre para forzar un cambio de rumbo en las pol\u00edticas nacionales.<\/p>\n<p>El evento, que tuvo lugar en la localidad de San Mart\u00edn, se convirti\u00f3 en una plataforma para la cr\u00edtica m\u00e1s frontal de la pol\u00edtica econ\u00f3mica de Milei. Kicillof, acompa\u00f1ado por figuras de su gesti\u00f3n y el exministro de Econom\u00eda Sergio Massa, defini\u00f3 el plan del gobierno nacional como un \u00abesquema que atenta contra la producci\u00f3n y el trabajo\u00bb. El gobernador bonaerense sostuvo que cada vez que se aplicaron pol\u00edticas neoliberales, el sector productivo result\u00f3 perjudicado, destacando que \u00ablos empresarios no venden, los tarifazos les rompen la estructura de costos, la demanda cae, las tasas hacen inaccesible el financiamiento y los bancos no dan cr\u00e9dito\u00bb.<\/p>\n<p>Las cr\u00edticas del gobernador no se limitaron a un an\u00e1lisis macroecon\u00f3mico; tambi\u00e9n se basaron en datos concretos que, seg\u00fan \u00e9l, demuestran el fracaso del modelo. En este sentido, Kicillof mencion\u00f3 el cierre de 15.000 pymes en todo el pa\u00eds y la duplicaci\u00f3n del desempleo en menos de un a\u00f1o de gesti\u00f3n. \u00abSi una pyme no vende ni cubre los costos, todo es producto del programa econ\u00f3mico de Milei\u00bb, sentenci\u00f3, estableciendo una relaci\u00f3n directa entre las medidas de ajuste y la crisis que se vive en el micro y macrocosmos econ\u00f3mico.<\/p>\n<h3>El d\u00f3lar, la \u00abestafa electoral\u00bb y el llamado a las urnas<\/h3>\n<p>Uno de los puntos m\u00e1s agudos del discurso de Kicillof fue su referencia a la pol\u00edtica cambiaria, ironizando sobre la supuesta promesa de un esquema de libre flotaci\u00f3n. \u00abSe hundieron, el d\u00f3lar no flota m\u00e1s\u00bb, lanz\u00f3 el mandatario, en alusi\u00f3n a la intervenci\u00f3n oficial en el mercado cambiario, lo que, a su juicio, evidencia la incapacidad del modelo para sostenerse. El gobernador advirti\u00f3 que la aparente estabilidad macroecon\u00f3mica que exhibe el Gobierno no se traduce en soluciones reales para los problemas del consumo y la producci\u00f3n, un hecho que, a su criterio, es la mayor evidencia de la contradicci\u00f3n del modelo.<\/p>\n<p>Kicillof fue a\u00fan m\u00e1s lejos y acus\u00f3 a Javier Milei de haber cometido la \u00abestafa electoral m\u00e1s grande\u00bb en la historia de Argentina, aludiendo a la distancia entre las promesas de campa\u00f1a y las medidas que se implementaron al llegar al poder. El gobernador se\u00f1al\u00f3 que el modelo libertario, con sus \u00abtarifas altas, ca\u00edda del consumo y destrucci\u00f3n de empleo\u00bb, es una r\u00e9plica del modelo aplicado por el macrismo. Esta vinculaci\u00f3n busca posicionar la gesti\u00f3n de Milei como una continuaci\u00f3n de las pol\u00edticas que, seg\u00fan su visi\u00f3n, llevaron al pa\u00eds a una crisis econ\u00f3mica y social durante el gobierno de Mauricio Macri.<\/p>\n<p>En contraste, Kicillof defendi\u00f3 la gesti\u00f3n de su gobierno en la provincia de Buenos Aires, asegurando que ha impulsado la inversi\u00f3n, la ciencia y la tecnolog\u00eda para sostener a la industria, en contraposici\u00f3n con los recortes del gobierno nacional. \u00abDesde el gobierno provincial hemos hecho lo contrario al gobierno de Milei\u00bb, afirm\u00f3, planteando su gesti\u00f3n como una alternativa viable a la pol\u00edtica nacional.<\/p>\n<p>El punto central de su alocuci\u00f3n fue el llamado a la movilizaci\u00f3n electoral. Kicillof plante\u00f3 que las elecciones provinciales del 7 de septiembre son una \u00aboportunidad extraordinaria\u00bb para que la ciudadan\u00eda le ponga un freno a las pol\u00edticas de Milei. El gobernador afirm\u00f3 que una derrota del oficialismo nacional en la provincia de Buenos Aires obligar\u00eda al Gobierno a \u00abrectificar su rumbo econ\u00f3mico\u00bb. Con un tono firme, Kicillof aclar\u00f3 que no buscan \u00abdesestabilizar\u00bb al gobierno, sino que este deje de \u00abdesfinanciar a las personas con discapacidad, de pegarle a los jubilados, de destruir la universidad p\u00fablica, de quitar derechos, de perseguir y encarcelar opositores como ha hecho con Cristina\u00bb. Con esta declaraci\u00f3n, busc\u00f3 enmarcar el voto como una defensa de los derechos sociales y un rechazo a las pol\u00edticas que, seg\u00fan su visi\u00f3n, atentan contra las libertades y el bienestar de la poblaci\u00f3n.<\/p>\n","protected":false},"excerpt":{"rendered":"<p>En un acto por el D\u00eda de la Industria, el gobernador de la provincia de Buenos Aires, Axel Kicillof, lanz\u00f3<\/p>\n","protected":false},"author":1,"featured_media":119344,"comment_status":"closed","ping_status":"closed","sticky":false,"template":"","format":"standard","meta":{"kia_subtitle":"En un acto por el D\u00eda de la Industria, el gobernador bonaerense critic\u00f3 el rumbo econ\u00f3mico de la gesti\u00f3n de Javier Milei. Tambi\u00e9n convoc\u00f3 a la ciudadan\u00eda a defenderse en las urnas del ajuste que aplica el Gobierno nacional.","footnotes":"","jetpack_publicize_message":"","jetpack_publicize_feature_enabled":true,"jetpack_social_post_already_shared":true,"jetpack_social_options":{"image_generator_settings":{"template":"highway","default_image_id":0,"font":"","enabled":false},"version":2}},"categories":[3,56,41],"tags":[],"class_list":["post-119340","post","type-post","status-publish","format-standard","has-post-thumbnail","hentry","category-actualidad","category-buenos-aires","category-nacionales"],"jetpack_publicize_connections":[],"jetpack_featured_media_url":"https:\/\/laurbedigital.com.ar\/noticias\/wp-content\/uploads\/2025\/09\/20250903-Kicillof.jpg","_links":{"self":[{"href":"https:\/\/laurbedigital.com.ar\/noticias\/wp-json\/wp\/v2\/posts\/119340","targetHints":{"allow":["GET"]}}],"collection":[{"href":"https:\/\/laurbedigital.com.ar\/noticias\/wp-json\/wp\/v2\/posts"}],"about":[{"href":"https:\/\/laurbedigital.com.ar\/noticias\/wp-json\/wp\/v2\/types\/post"}],"author":[{"embeddable":true,"href":"https:\/\/laurbedigital.com.ar\/noticias\/wp-json\/wp\/v2\/users\/1"}],"replies":[{"embeddable":true,"href":"https:\/\/laurbedigital.com.ar\/noticias\/wp-json\/wp\/v2\/comments?post=119340"}],"version-history":[{"count":1,"href":"https:\/\/laurbedigital.com.ar\/noticias\/wp-json\/wp\/v2\/posts\/119340\/revisions"}],"predecessor-version":[{"id":119345,"href":"https:\/\/laurbedigital.com.ar\/noticias\/wp-json\/wp\/v2\/posts\/119340\/revisions\/119345"}],"wp:featuredmedia":[{"embeddable":true,"href":"https:\/\/laurbedigital.com.ar\/noticias\/wp-json\/wp\/v2\/media\/119344"}],"wp:attachment":[{"href":"https:\/\/laurbedigital.com.ar\/noticias\/wp-json\/wp\/v2\/media?parent=119340"}],"wp:term":[{"taxonomy":"category","embeddable":true,"href":"https:\/\/laurbedigital.com.ar\/noticias\/wp-json\/wp\/v2\/categories?post=119340"},{"taxonomy":"post_tag","embeddable":true,"href":"https:\/\/laurbedigital.com.ar\/noticias\/wp-json\/wp\/v2\/tags?post=119340"}],"curies":[{"name":"wp","href":"https:\/\/api.w.org\/{rel}","templated":true}]}}