{"id":119261,"date":"2025-08-31T04:01:57","date_gmt":"2025-08-31T07:01:57","guid":{"rendered":"https:\/\/laurbedigital.com.ar\/noticias\/?p=119261"},"modified":"2025-08-31T04:01:57","modified_gmt":"2025-08-31T07:01:57","slug":"dia-internacional-de-la-solidaridad","status":"publish","type":"post","link":"https:\/\/laurbedigital.com.ar\/noticias\/2025\/08\/31\/dia-internacional-de-la-solidaridad\/","title":{"rendered":"Por qu\u00e9 se celebra el D\u00eda Internacional de la Solidaridad cada 31 de agosto"},"content":{"rendered":"<h4><strong>Un legado hist\u00f3rico de solidaridad<\/strong><\/h4>\n<p>El D\u00eda Internacional de la Solidaridad se conmemora en honor al movimiento social polaco \u00abSolidaridad\u00bb (Solidarnosc), fundado en 1980. Este gremio sindical no solo jug\u00f3 un papel crucial en la ca\u00edda del muro de Berl\u00edn y el fin del comunismo en Europa del Este. , sino que tambi\u00e9n fue un s\u00edmbolo de la lucha por los derechos humanos y la justicia social durante la Guerra Fr\u00eda. Lech Walesa, uno de los l\u00edderes de este movimiento, fue galardonado con el Premio Nobel de la Paz en 1983 por su valiente defensa de estos ideales en todo el mundo.<\/p>\n<p>Solidaridad fue m\u00e1s que un movimiento sindical; Fue un llamado global a la cooperaci\u00f3n y la resistencia pac\u00edfica contra la opresi\u00f3n. Este esp\u00edritu de unidad y apoyo mutuo sigue siendo relevante hoy, donde las consecuencias de la violencia y la exclusi\u00f3n social contin\u00faan afectando a millones de personas.<\/p>\n<h4><strong>El poder de la solidaridad hoy<\/strong><\/h4>\n<p>El D\u00eda Internacional de la Solidaridad busca generar conciencia sobre el poder de la ayuda mutua y la importancia de tender una mano a quienes m\u00e1s lo necesitan: los pobres, los desfavorecidos, los ni\u00f1os y las personas de la tercera edad. Las jornadas de salud gratuitas, las campa\u00f1as de recolecci\u00f3n de alimentos y otras actividades ben\u00e9ficas son algunas de las formas en que se puede practicar la solidaridad en la vida diaria.<\/p>\n<p>Este d\u00eda tambi\u00e9n se diferencia del D\u00eda Internacional de la Solidaridad Humana, establecido por la UNESCO, que se celebra cada 20 de diciembre y tiene un enfoque m\u00e1s amplio en la promoci\u00f3n de la cooperaci\u00f3n internacional para enfrentar desaf\u00edos globales como la pobreza y el cambio clim\u00e1tico.<\/p>\n<h4>Solidaridad: un compromiso diario<\/h4>\n<p>La celebraci\u00f3n del D\u00eda Internacional de la Solidaridad cada 31 de agosto nos invita a reflexionar sobre c\u00f3mo podemos contribuir al bienestar de los dem\u00e1s desde nuestras acciones cotidianas. No se trata solo de actos grandiosos, sino de peque\u00f1as acciones que, sumadas, pueden generar un gran impacto. Ayudar a un vecino, donar a una causa, o simplemente ofrecer nuestro tiempo y escuchar a quienes lo necesitan, son formas de vivir este valor esencial.<\/p>\n<p>En un mundo donde las divisiones parecen cada vez m\u00e1s marcadas, la solidaridad se presenta como una luz de esperanza y un recordatorio de nuestra capacidad para hacer el bien, unidos y sin fronteras.<\/p>\n","protected":false},"excerpt":{"rendered":"<p>Un legado hist\u00f3rico de solidaridad El D\u00eda Internacional de la Solidaridad se conmemora en honor al movimiento social polaco \u00abSolidaridad\u00bb<\/p>\n","protected":false},"author":1,"featured_media":108329,"comment_status":"closed","ping_status":"closed","sticky":false,"template":"","format":"standard","meta":{"kia_subtitle":"La solidaridad, esa acci\u00f3n de dar a los dem\u00e1s sin esperar nada a cambio, es uno de los valores m\u00e1s esenciales de la humanidad. Cada 31 de agosto, el mundo celebra el D\u00eda Internacional de la Solidaridad, una fecha dedicada a fomentar la ayuda mutua ya recordar la importancia de apoyarnos los unos a los otros, especialmente en un mundo marcado por conflictos y desigualdades.","footnotes":"","jetpack_publicize_message":"","jetpack_publicize_feature_enabled":true,"jetpack_social_post_already_shared":true,"jetpack_social_options":{"image_generator_settings":{"template":"highway","default_image_id":0,"font":"","enabled":false},"version":2}},"categories":[5,2594],"tags":[],"class_list":["post-119261","post","type-post","status-publish","format-standard","has-post-thumbnail","hentry","category-cultura","category-efemerides"],"jetpack_publicize_connections":[],"jetpack_featured_media_url":"https:\/\/laurbedigital.com.ar\/noticias\/wp-content\/uploads\/2024\/08\/20240831-solidaridad.jpg","_links":{"self":[{"href":"https:\/\/laurbedigital.com.ar\/noticias\/wp-json\/wp\/v2\/posts\/119261","targetHints":{"allow":["GET"]}}],"collection":[{"href":"https:\/\/laurbedigital.com.ar\/noticias\/wp-json\/wp\/v2\/posts"}],"about":[{"href":"https:\/\/laurbedigital.com.ar\/noticias\/wp-json\/wp\/v2\/types\/post"}],"author":[{"embeddable":true,"href":"https:\/\/laurbedigital.com.ar\/noticias\/wp-json\/wp\/v2\/users\/1"}],"replies":[{"embeddable":true,"href":"https:\/\/laurbedigital.com.ar\/noticias\/wp-json\/wp\/v2\/comments?post=119261"}],"version-history":[{"count":1,"href":"https:\/\/laurbedigital.com.ar\/noticias\/wp-json\/wp\/v2\/posts\/119261\/revisions"}],"predecessor-version":[{"id":119262,"href":"https:\/\/laurbedigital.com.ar\/noticias\/wp-json\/wp\/v2\/posts\/119261\/revisions\/119262"}],"wp:featuredmedia":[{"embeddable":true,"href":"https:\/\/laurbedigital.com.ar\/noticias\/wp-json\/wp\/v2\/media\/108329"}],"wp:attachment":[{"href":"https:\/\/laurbedigital.com.ar\/noticias\/wp-json\/wp\/v2\/media?parent=119261"}],"wp:term":[{"taxonomy":"category","embeddable":true,"href":"https:\/\/laurbedigital.com.ar\/noticias\/wp-json\/wp\/v2\/categories?post=119261"},{"taxonomy":"post_tag","embeddable":true,"href":"https:\/\/laurbedigital.com.ar\/noticias\/wp-json\/wp\/v2\/tags?post=119261"}],"curies":[{"name":"wp","href":"https:\/\/api.w.org\/{rel}","templated":true}]}}