{"id":119257,"date":"2025-08-31T03:46:57","date_gmt":"2025-08-31T06:46:57","guid":{"rendered":"https:\/\/laurbedigital.com.ar\/noticias\/?p=119257"},"modified":"2025-08-31T03:46:57","modified_gmt":"2025-08-31T06:46:57","slug":"escandalo-en-casa-rosada-el-topo-de-los-audios-que-desvela-a-milei","status":"publish","type":"post","link":"https:\/\/laurbedigital.com.ar\/noticias\/2025\/08\/31\/escandalo-en-casa-rosada-el-topo-de-los-audios-que-desvela-a-milei\/","title":{"rendered":"Esc\u00e1ndalo en Casa Rosada: el \u00abTopo\u00bb de los audios que desvela a Milei"},"content":{"rendered":"<p>La difusi\u00f3n de una serie de <b>audios comprometedores<\/b> de Diego Spagnuolo, ex titular de la Agencia Nacional de Discapacidad (ANDIS), ha generado un terremoto pol\u00edtico en el coraz\u00f3n del gobierno de Javier Milei. La filtraci\u00f3n, que reaviva denuncias de <b>coimas y direccionamiento de contratos p\u00fablicos<\/b>, no solo ha provocado un clima de tensi\u00f3n en la Casa Rosada, sino que tambi\u00e9n ha reactivado una causa judicial que amenaza con escalar hasta el c\u00edrculo m\u00e1s cercano del presidente.<\/p>\n<h3>La trama de los audios y las implicaciones pol\u00edticas<\/h3>\n<p>En las grabaciones, Spagnuolo detalla presuntas maniobras ilegales relacionadas con la droguer\u00eda Suizo Argentina en el contexto de millonarias contrataciones estatales. El contenido es a\u00fan m\u00e1s sensible al mencionar a figuras clave del oficialismo, como <b>Eduardo \u201cLule\u201d Menem<\/b>, y al cuestionar directamente la influencia de la hermana del presidente, <b>Karina Milei<\/b>, en decisiones del organismo.<\/p>\n<p>Inicialmente, el gobierno intent\u00f3 desmentir la veracidad del material, sugiriendo una posible manipulaci\u00f3n. Sin embargo, la estrategia cambi\u00f3 dr\u00e1sticamente cuando el propio <b>Javier Milei<\/b> sali\u00f3 a desautorizar a Spagnuolo, calific\u00e1ndolo de \u00abmentiroso\u00bb y anunciando acciones judiciales en su contra. Este giro discursivo, de desmentir a desacreditar, demuestra la gravedad de las acusaciones y la necesidad del oficialismo de controlar la narrativa.<\/p>\n<h3>La b\u00fasqueda del \u00abtopo\u00bb: una interna al rojo vivo<\/h3>\n<p>Mientras la atenci\u00f3n p\u00fablica se centra en las acusaciones de corrupci\u00f3n, la principal preocupaci\u00f3n dentro de Balcarce 50 es encontrar a la persona que filtr\u00f3 los audios. La divulgaci\u00f3n de las grabaciones al periodista Mauro Federico de C5N ha desatado una fren\u00e9tica investigaci\u00f3n interna, que evidencia el alto nivel de desconfianza y las luchas de poder dentro del c\u00edrculo cercano al presidente.<\/p>\n<p>El periodista, por su parte, ha se\u00f1alado que el problema no es la prensa, sino la \u00abdesconfianza\u00bb y la \u00abgrabaci\u00f3n mutua\u00bb dentro del propio gobierno. Esta situaci\u00f3n ha generado un impacto directo en la \u00abl\u00ednea de flotaci\u00f3n\u00bb del Poder Ejecutivo, afectando su cohesi\u00f3n interna y su credibilidad.<\/p>\n<h3>El avance de la Justicia y el impacto en la opini\u00f3n p\u00fablica<\/h3>\n<p>La aparici\u00f3n de los audios ha sido la clave para reabrir un expediente que hab\u00eda sido archivado en 2024. La Justicia ha intensificado las medidas, con <b>allanamientos a la droguer\u00eda Suizo Argentina<\/b> y el secuestro de registros clave en el barrio privado Nordelta, donde se documentaron encuentros de funcionarios con empresarios.<\/p>\n<p>Spagnuolo, que ya ha contratado su defensa, se mantiene a la expectativa, pero el solo hecho de que su entorno no haya negado la existencia de m\u00e1s material sugiere que la causa podr\u00eda sumar nuevas pruebas. La percepci\u00f3n social sobre el caso es contundente: seg\u00fan encuestas recientes, un 65% de los argentinos considera que Karina Milei y los hermanos Menem deber\u00edan renunciar si las acusaciones se comprueban. Este dato refleja una profunda preocupaci\u00f3n y una exigencia de transparencia por parte de la ciudadan\u00eda.<\/p>\n<p>En los pr\u00f3ximos d\u00edas, se espera que el fiscal a cargo de la causa cite a declarar a Spagnuolo y profundice las investigaciones sobre los contratos p\u00fablicos, los v\u00ednculos entre funcionarios y el c\u00edrculo empresarial, y las posibles responsabilidades penales que podr\u00edan derivarse de este esc\u00e1ndalo. El desenlace de esta investigaci\u00f3n definir\u00e1 no solo el futuro judicial de los implicados, sino tambi\u00e9n la estabilidad pol\u00edtica del gobierno de Javier Milei.<\/p>\n","protected":false},"excerpt":{"rendered":"<p>La difusi\u00f3n de una serie de audios comprometedores de Diego Spagnuolo, ex titular de la Agencia Nacional de Discapacidad (ANDIS),<\/p>\n","protected":false},"author":1,"featured_media":114548,"comment_status":"closed","ping_status":"closed","sticky":false,"template":"","format":"standard","meta":{"kia_subtitle":"El gobierno de Javier Milei enfrenta una grave crisis por la filtraci\u00f3n de audios de un ex funcionario. Mientras la Justicia investiga presuntos hechos de corrupci\u00f3n, la Casa Rosada busca desesperadamente al autor de la filtraci\u00f3n que destap\u00f3 la interna.","footnotes":"","jetpack_publicize_message":"","jetpack_publicize_feature_enabled":true,"jetpack_social_post_already_shared":true,"jetpack_social_options":{"image_generator_settings":{"template":"highway","default_image_id":0,"font":"","enabled":false},"version":2}},"categories":[3,41],"tags":[],"class_list":["post-119257","post","type-post","status-publish","format-standard","has-post-thumbnail","hentry","category-actualidad","category-nacionales"],"jetpack_publicize_connections":[],"jetpack_featured_media_url":"https:\/\/laurbedigital.com.ar\/noticias\/wp-content\/uploads\/2025\/03\/20250325-Milei.jpg","_links":{"self":[{"href":"https:\/\/laurbedigital.com.ar\/noticias\/wp-json\/wp\/v2\/posts\/119257","targetHints":{"allow":["GET"]}}],"collection":[{"href":"https:\/\/laurbedigital.com.ar\/noticias\/wp-json\/wp\/v2\/posts"}],"about":[{"href":"https:\/\/laurbedigital.com.ar\/noticias\/wp-json\/wp\/v2\/types\/post"}],"author":[{"embeddable":true,"href":"https:\/\/laurbedigital.com.ar\/noticias\/wp-json\/wp\/v2\/users\/1"}],"replies":[{"embeddable":true,"href":"https:\/\/laurbedigital.com.ar\/noticias\/wp-json\/wp\/v2\/comments?post=119257"}],"version-history":[{"count":1,"href":"https:\/\/laurbedigital.com.ar\/noticias\/wp-json\/wp\/v2\/posts\/119257\/revisions"}],"predecessor-version":[{"id":119258,"href":"https:\/\/laurbedigital.com.ar\/noticias\/wp-json\/wp\/v2\/posts\/119257\/revisions\/119258"}],"wp:featuredmedia":[{"embeddable":true,"href":"https:\/\/laurbedigital.com.ar\/noticias\/wp-json\/wp\/v2\/media\/114548"}],"wp:attachment":[{"href":"https:\/\/laurbedigital.com.ar\/noticias\/wp-json\/wp\/v2\/media?parent=119257"}],"wp:term":[{"taxonomy":"category","embeddable":true,"href":"https:\/\/laurbedigital.com.ar\/noticias\/wp-json\/wp\/v2\/categories?post=119257"},{"taxonomy":"post_tag","embeddable":true,"href":"https:\/\/laurbedigital.com.ar\/noticias\/wp-json\/wp\/v2\/tags?post=119257"}],"curies":[{"name":"wp","href":"https:\/\/api.w.org\/{rel}","templated":true}]}}