{"id":118908,"date":"2025-08-20T02:12:34","date_gmt":"2025-08-20T05:12:34","guid":{"rendered":"https:\/\/laurbedigital.com.ar\/noticias\/?p=118908"},"modified":"2025-08-20T02:12:34","modified_gmt":"2025-08-20T05:12:34","slug":"el-ajuste-en-el-estado-recorto-casi-100-mil-empleos-publicos","status":"publish","type":"post","link":"https:\/\/laurbedigital.com.ar\/noticias\/2025\/08\/20\/el-ajuste-en-el-estado-recorto-casi-100-mil-empleos-publicos\/","title":{"rendered":"El ajuste en el Estado recort\u00f3 casi 100 mil empleos p\u00fablicos"},"content":{"rendered":"<h3>Reducci\u00f3n de empleos p\u00fablicos: El impacto del ajuste en el Estado<\/h3>\n<p>El Gobierno de Javier Milei ha llevado a cabo una profunda reforma del Estado que se ha traducido en la eliminaci\u00f3n de <b>98.653 puestos de trabajo registrados<\/b> en los sectores de defensa y seguridad social, seg\u00fan un informe reciente del Centro de Econom\u00eda Pol\u00edtica Argentina (CEPA). Esta cifra, que se concentra en estas dos \u00e1reas, forma parte de un recorte m\u00e1s amplio que afecta a diversos rubros de la econom\u00eda argentina. La medida se enmarca en el plan de austeridad fiscal del gobierno, con el objetivo de reducir el d\u00e9ficit y controlar la inflaci\u00f3n, aunque ha generado un fuerte impacto en el mercado laboral en medio de un contexto de recesi\u00f3n.<\/p>\n<p>M\u00e1s all\u00e1 de los puestos en el sector p\u00fablico, el informe del CEPA tambi\u00e9n muestra una significativa p\u00e9rdida de empleo en el \u00e1mbito privado. La <b>construcci\u00f3n<\/b> fue uno de los sectores m\u00e1s golpeados, con la eliminaci\u00f3n de <b>80.873 puestos de trabajo<\/b>. Esta ca\u00edda se explica, en gran parte, por la paralizaci\u00f3n de la obra p\u00fablica a nivel nacional, una de las primeras medidas tomadas por la actual administraci\u00f3n.<\/p>\n<h3>La recesi\u00f3n tambi\u00e9n golpea a la industria y el transporte<\/h3>\n<p>Adem\u00e1s de la construcci\u00f3n, otros sectores clave de la econom\u00eda registraron ca\u00eddas significativas en la cantidad de trabajadores. El informe se\u00f1ala que los <b>servicios de transporte y almacenamiento<\/b> han perdido 54.935 puestos de trabajo, lo que representa una baja del 10,4% en este sector. En tanto, la <b>industria manufacturera<\/b> ha visto desaparecer 39.016 puestos laborales.<\/p>\n<p>La p\u00e9rdida de empleo no solo se refleja en la cantidad de trabajadores, sino tambi\u00e9n en el cierre de empresas. De acuerdo con el estudio del CEPA, el n\u00famero de unidades productivas registradas se redujo de 512.357 a 496.793. El 99,69% de estas empresas que cerraron sus puertas eran peque\u00f1as y medianas (PYMES), lo que evidencia la vulnerabilidad de este tipo de firmas en un escenario de recesi\u00f3n. Solo 49 casos correspondieron a empresas de mayor tama\u00f1o.<\/p>\n<h3>El contexto recesivo detr\u00e1s de la p\u00e9rdida de empleos y empresas<\/h3>\n<p>El an\u00e1lisis del CEPA atribuye la p\u00e9rdida de empleos y el cierre de empresas a un <b>escenario de recesi\u00f3n<\/b>, el cual se caracteriza por una ca\u00edda del consumo interno, la disminuci\u00f3n de la inversi\u00f3n y un fuerte ajuste del gasto p\u00fablico. El informe interpreta estas consecuencias como el resultado de un programa econ\u00f3mico centrado en la reducci\u00f3n de la inflaci\u00f3n a trav\u00e9s de una severa contracci\u00f3n fiscal y monetaria.<\/p>\n<p>Las pol\u00edticas implementadas, como los recortes en la obra p\u00fablica, la devaluaci\u00f3n, la liberaci\u00f3n de precios y la menor transferencia de fondos a las provincias, han afectado de manera directa a la actividad de sectores clave como la construcci\u00f3n, los servicios y el comercio, que hoy figuran entre los m\u00e1s castigados por la p\u00e9rdida de puestos de trabajo. Este panorama plantea un desaf\u00edo para el gobierno en su b\u00fasqueda de estabilizar la econom\u00eda sin profundizar la crisis social que implica la p\u00e9rdida de empleo.<\/p>\n","protected":false},"excerpt":{"rendered":"<p>Reducci\u00f3n de empleos p\u00fablicos: El impacto del ajuste en el Estado El Gobierno de Javier Milei ha llevado a cabo<\/p>\n","protected":false},"author":1,"featured_media":118910,"comment_status":"closed","ping_status":"closed","sticky":false,"template":"","format":"standard","meta":{"kia_subtitle":"Desde el inicio de la gesti\u00f3n de Javier Milei, el sector p\u00fablico ha experimentado una dr\u00e1stica reducci\u00f3n de personal, con casi 100.000 empleos p\u00fablicos eliminados. El informe del CEPA se\u00f1ala a las \u00e1reas de defensa y seguridad social como las m\u00e1s afectadas, seguidas por una fuerte ca\u00edda en la industria y el transporte.","footnotes":"","jetpack_publicize_message":"","jetpack_publicize_feature_enabled":true,"jetpack_social_post_already_shared":true,"jetpack_social_options":{"image_generator_settings":{"template":"highway","default_image_id":0,"font":"","enabled":false},"version":2}},"categories":[3,41],"tags":[],"class_list":["post-118908","post","type-post","status-publish","format-standard","has-post-thumbnail","hentry","category-actualidad","category-nacionales"],"jetpack_publicize_connections":[],"jetpack_featured_media_url":"https:\/\/laurbedigital.com.ar\/noticias\/wp-content\/uploads\/2025\/08\/20250820-Despidos.jpg","_links":{"self":[{"href":"https:\/\/laurbedigital.com.ar\/noticias\/wp-json\/wp\/v2\/posts\/118908","targetHints":{"allow":["GET"]}}],"collection":[{"href":"https:\/\/laurbedigital.com.ar\/noticias\/wp-json\/wp\/v2\/posts"}],"about":[{"href":"https:\/\/laurbedigital.com.ar\/noticias\/wp-json\/wp\/v2\/types\/post"}],"author":[{"embeddable":true,"href":"https:\/\/laurbedigital.com.ar\/noticias\/wp-json\/wp\/v2\/users\/1"}],"replies":[{"embeddable":true,"href":"https:\/\/laurbedigital.com.ar\/noticias\/wp-json\/wp\/v2\/comments?post=118908"}],"version-history":[{"count":1,"href":"https:\/\/laurbedigital.com.ar\/noticias\/wp-json\/wp\/v2\/posts\/118908\/revisions"}],"predecessor-version":[{"id":118914,"href":"https:\/\/laurbedigital.com.ar\/noticias\/wp-json\/wp\/v2\/posts\/118908\/revisions\/118914"}],"wp:featuredmedia":[{"embeddable":true,"href":"https:\/\/laurbedigital.com.ar\/noticias\/wp-json\/wp\/v2\/media\/118910"}],"wp:attachment":[{"href":"https:\/\/laurbedigital.com.ar\/noticias\/wp-json\/wp\/v2\/media?parent=118908"}],"wp:term":[{"taxonomy":"category","embeddable":true,"href":"https:\/\/laurbedigital.com.ar\/noticias\/wp-json\/wp\/v2\/categories?post=118908"},{"taxonomy":"post_tag","embeddable":true,"href":"https:\/\/laurbedigital.com.ar\/noticias\/wp-json\/wp\/v2\/tags?post=118908"}],"curies":[{"name":"wp","href":"https:\/\/api.w.org\/{rel}","templated":true}]}}