{"id":118905,"date":"2025-08-20T02:09:06","date_gmt":"2025-08-20T05:09:06","guid":{"rendered":"https:\/\/laurbedigital.com.ar\/noticias\/?p=118905"},"modified":"2025-08-20T02:10:06","modified_gmt":"2025-08-20T05:10:06","slug":"inflacion-mayorista-se-acelera-la-suba-de-precios-en-argentina-en-julio-supero-el-28","status":"publish","type":"post","link":"https:\/\/laurbedigital.com.ar\/noticias\/2025\/08\/20\/inflacion-mayorista-se-acelera-la-suba-de-precios-en-argentina-en-julio-supero-el-28\/","title":{"rendered":"Inflaci\u00f3n mayorista se acelera: la suba de precios en Argentina en julio super\u00f3 el 2,8%"},"content":{"rendered":"<h3>Acelera la inflaci\u00f3n mayorista y se ubica por encima del IPC<\/h3>\n<p>La <b>inflaci\u00f3n mayorista<\/b> en Argentina experiment\u00f3 una notable aceleraci\u00f3n en julio, con el \u00cdndice de Precios Internos al por Mayor (IPIM) registrando un incremento del <b>2,8%<\/b> con respecto al mes anterior. Este dato, divulgado por fuentes oficiales, no solo supera la variaci\u00f3n de precios minoristas (IPC) del mismo per\u00edodo, que fue del 1,9%, sino que tambi\u00e9n marca un incremento significativo en comparaci\u00f3n con la suba del 1,6% que se hab\u00eda registrado en junio.<\/p>\n<p>El aumento del IPIM fue impulsado principalmente por la suba de los <b>\u201cProductos importados\u201d<\/b>, que alcanzaron un incremento del <b>5,7%<\/b>, y, en menor medida, por los <b>\u201cProductos nacionales\u201d<\/b>, que crecieron un 2,6%. Esta marcada diferencia sugiere una fuerte influencia de la cotizaci\u00f3n de la moneda extranjera y las condiciones del comercio internacional en la estructura de costos de la econom\u00eda local.<\/p>\n<h3>El impacto de los productos importados en la suba de precios mayoristas<\/h3>\n<p>La fuerte incidencia de los <b>productos importados<\/b> en la variaci\u00f3n del IPIM es un factor clave para comprender la din\u00e1mica inflacionaria en la cadena de producci\u00f3n. A diferencia del mes anterior, cuando los productos importados subieron solo un 1,3%, en julio se observa un salto significativo de 5,7%, que casi triplica la suba registrada en los productos nacionales. Este fen\u00f3meno puede atribuirse a la devaluaci\u00f3n de la moneda local, el aumento de los fletes internacionales o la inflaci\u00f3n en los pa\u00edses de origen de las importaciones, transfiriendo directamente esos costos a los precios mayoristas en el mercado interno.<\/p>\n<p>Dentro de los <b>\u201cProductos nacionales\u201d<\/b>, la suba tambi\u00e9n fue heterog\u00e9nea. Algunos rubros registraron aumentos significativos que traccionaron el promedio al alza. Se destacaron los productos pesqueros, con un 5,7%; los agropecuarios, con 4,2%; las m\u00e1quinas y aparatos el\u00e9ctricos, con 6,1%; y los productos qu\u00edmicos, con 4,9%. Por su parte, los textiles aumentaron 2,3% y los alimentos y bebidas, 1,1%, mostrando una suba m\u00e1s moderada. Estos datos reflejan presiones inflacionarias en sectores primarios y en la industria manufacturera, que impactan en la cadena de valor y, eventualmente, podr\u00edan trasladarse a los precios finales de los consumidores.<\/p>\n<h3>La inflaci\u00f3n mayorista anual supera el 20%<\/h3>\n<p>Analizando la variaci\u00f3n interanual, los <b>precios mayoristas<\/b> acumularon una suba del <b>20,9%<\/b> en julio en comparaci\u00f3n con el mismo mes del a\u00f1o anterior. En lo que va del a\u00f1o, la inflaci\u00f3n mayorista acumulada ya alcanz\u00f3 el <b>12,3%<\/b>. Estos porcentajes reflejan la persistencia de la alta inflaci\u00f3n en la econom\u00eda, que impacta directamente en los costos de producci\u00f3n de bienes y servicios.<\/p>\n<p>Esta din\u00e1mica de la inflaci\u00f3n mayorista es un indicador adelantado de lo que podr\u00eda suceder en los pr\u00f3ximos meses con la <b>inflaci\u00f3n minorista<\/b>, ya que los aumentos de precios en el nivel mayorista tienden a ser trasladados, con cierto rezago, a los precios que paga el consumidor final. En este contexto, la aceleraci\u00f3n de julio representa una se\u00f1al de alerta para los precios futuros y un desaf\u00edo para la gesti\u00f3n econ\u00f3mica.<\/p>\n","protected":false},"excerpt":{"rendered":"<p>Acelera la inflaci\u00f3n mayorista y se ubica por encima del IPC La inflaci\u00f3n mayorista en Argentina experiment\u00f3 una notable aceleraci\u00f3n<\/p>\n","protected":false},"author":1,"featured_media":106192,"comment_status":"closed","ping_status":"closed","sticky":false,"template":"","format":"standard","meta":{"kia_subtitle":"La inflaci\u00f3n mayorista de Argentina registr\u00f3 una fuerte suba en julio, superando el 2,8%. Este incremento, impulsado por los productos importados, se ubic\u00f3 por encima del \u00cdndice de Precios al Consumidor (IPC) y del registro del mes anterior.","footnotes":"","jetpack_publicize_message":"","jetpack_publicize_feature_enabled":true,"jetpack_social_post_already_shared":true,"jetpack_social_options":{"image_generator_settings":{"template":"highway","default_image_id":0,"font":"","enabled":false},"version":2}},"categories":[3,41],"tags":[],"class_list":["post-118905","post","type-post","status-publish","format-standard","has-post-thumbnail","hentry","category-actualidad","category-nacionales"],"jetpack_publicize_connections":[],"jetpack_featured_media_url":"https:\/\/laurbedigital.com.ar\/noticias\/wp-content\/uploads\/2024\/06\/20240621-Supermercado-mayorista.jpg","_links":{"self":[{"href":"https:\/\/laurbedigital.com.ar\/noticias\/wp-json\/wp\/v2\/posts\/118905","targetHints":{"allow":["GET"]}}],"collection":[{"href":"https:\/\/laurbedigital.com.ar\/noticias\/wp-json\/wp\/v2\/posts"}],"about":[{"href":"https:\/\/laurbedigital.com.ar\/noticias\/wp-json\/wp\/v2\/types\/post"}],"author":[{"embeddable":true,"href":"https:\/\/laurbedigital.com.ar\/noticias\/wp-json\/wp\/v2\/users\/1"}],"replies":[{"embeddable":true,"href":"https:\/\/laurbedigital.com.ar\/noticias\/wp-json\/wp\/v2\/comments?post=118905"}],"version-history":[{"count":2,"href":"https:\/\/laurbedigital.com.ar\/noticias\/wp-json\/wp\/v2\/posts\/118905\/revisions"}],"predecessor-version":[{"id":118907,"href":"https:\/\/laurbedigital.com.ar\/noticias\/wp-json\/wp\/v2\/posts\/118905\/revisions\/118907"}],"wp:featuredmedia":[{"embeddable":true,"href":"https:\/\/laurbedigital.com.ar\/noticias\/wp-json\/wp\/v2\/media\/106192"}],"wp:attachment":[{"href":"https:\/\/laurbedigital.com.ar\/noticias\/wp-json\/wp\/v2\/media?parent=118905"}],"wp:term":[{"taxonomy":"category","embeddable":true,"href":"https:\/\/laurbedigital.com.ar\/noticias\/wp-json\/wp\/v2\/categories?post=118905"},{"taxonomy":"post_tag","embeddable":true,"href":"https:\/\/laurbedigital.com.ar\/noticias\/wp-json\/wp\/v2\/tags?post=118905"}],"curies":[{"name":"wp","href":"https:\/\/api.w.org\/{rel}","templated":true}]}}