{"id":118544,"date":"2025-08-08T03:40:04","date_gmt":"2025-08-08T06:40:04","guid":{"rendered":"https:\/\/laurbedigital.com.ar\/noticias\/?p=118544"},"modified":"2025-08-08T03:40:04","modified_gmt":"2025-08-08T06:40:04","slug":"diana-mondino-la-acusacion-que-hunde-a-milei-por-el-caso-de-la-criptomoneda-libra","status":"publish","type":"post","link":"https:\/\/laurbedigital.com.ar\/noticias\/2025\/08\/08\/diana-mondino-la-acusacion-que-hunde-a-milei-por-el-caso-de-la-criptomoneda-libra\/","title":{"rendered":"Diana Mondino: la acusaci\u00f3n que hunde a Milei por el caso de la criptomoneda $Libra"},"content":{"rendered":"<p>La ex canciller Diana Mondino ha desatado una tormenta pol\u00edtica con explosivas declaraciones que apuntan directamente al presidente Javier Milei en el esc\u00e1ndalo de la criptomoneda Libra. En una entrevista con la cadena internacional Al Jazeera, Mondino no dud\u00f3 en calificar el accionar del mandatario como \u00abest\u00fapido o corrupto\u00bb, una acusaci\u00f3n sin precedentes que pone en jaque la credibilidad del oficialismo. La frase, pronunciada en un contexto de creciente presi\u00f3n judicial y pol\u00edtica sobre el caso Libra, ha sacudido el panorama pol\u00edtico nacional e internacional.<\/p>\n<p>La entrevista, realizada por el periodista Mehdi Hasan, sirvi\u00f3 como plataforma para que Mondino, recientemente removida de su cargo, rompiera el silencio. Al ser consultada sobre el rol de Milei en la promoci\u00f3n de la criptomoneda, la ex funcionaria lanz\u00f3 una andanada de cr\u00edticas. \u00ab\u00bfEs est\u00fapido o es corrupto?\u00bb, pregunt\u00f3 Hasan, a lo que Mondino respondi\u00f3 con una contundente afirmaci\u00f3n que dej\u00f3 al entrevistador perplejo: \u00abO no es muy inteligente o es una especie de corrupto\u00bb. Aunque intent\u00f3 suavizar sus palabras, el gesto de complicidad con el p\u00fablico y la risa que sigui\u00f3 a la acusaci\u00f3n reforzaron la seriedad del mensaje.<\/p>\n<h3><b>El origen de una crisis: el caso Libra y las sombras sobre el gobierno<\/b><\/h3>\n<p>El esc\u00e1ndalo de la criptomoneda Libra, un caso que avanza en la justicia estadounidense, ha puesto en el ojo del hurac\u00e1n al c\u00edrculo m\u00e1s cercano de Javier Milei. La ex canciller Mondino cuestion\u00f3 la decisi\u00f3n del presidente de promocionar la estafa a trav\u00e9s de sus redes sociales, un tuit que, seg\u00fan ella, no debi\u00f3 haber sido publicado. Este se\u00f1alamiento no es menor, ya que miles de personas perdieron su dinero en una inversi\u00f3n fraudulenta, lo que ahora se investiga como una posible maniobra de estafa piramidal.<\/p>\n<p>La crisis se agrava con nuevas revelaciones. El ex presidente Mauricio Macri, en una reuni\u00f3n privada, alert\u00f3 sobre la inminente aparici\u00f3n de \u00abchats y transferencias explosivas\u00bb que salpicar\u00edan a los hermanos Milei. Este dato, sumado a las declaraciones de Mondino, sugiere que el caso Libra no es solo una controversia financiera, sino que podr\u00eda tener ramificaciones pol\u00edticas y legales de alto impacto. La justicia, tanto en Estados Unidos como en Argentina, est\u00e1 analizando el posible involucramiento de funcionarios y asesores cercanos al presidente.<\/p>\n<h3><b>Un escenario pol\u00edtico cada vez m\u00e1s complicado para el oficialismo<\/b><\/h3>\n<p>Las palabras de Mondino no solo hunden a Milei en el fango de la sospecha, sino que tambi\u00e9n coinciden con un momento de alta tensi\u00f3n pol\u00edtica en el Congreso. El reciente reglamento de la Comisi\u00f3n Libra, aprobado en Diputados, comienza a favorecer al candidato que proponga el peronismo, lo que enciende las alarmas dentro del oficialismo. La oposici\u00f3n, fortalecida por el esc\u00e1ndalo, podr\u00eda utilizar el caso Libra como una herramienta para debilitar al gobierno y avanzar en sus propias agendas.<\/p>\n<p>La ex canciller, que mantuvo un perfil bajo tras su salida del gabinete, eligi\u00f3 estrat\u00e9gicamente un medio internacional para lanzar su ataque. Al Jazeera, conocida por su postura cr\u00edtica hacia Israel y su l\u00ednea \u00e1rabe, le dio el espacio para una declaraci\u00f3n que tuvo eco inmediato en los principales medios del mundo. La decisi\u00f3n de Mondino de romper el silencio en este escenario demuestra una clara intenci\u00f3n de generar un impacto global, dejando a Milei en el centro de un hurac\u00e1n pol\u00edtico del que ser\u00e1 dif\u00edcil salir ileso. El caso Libra no es un simple tropiezo del gobierno, sino una herida profunda que podr\u00eda marcar un antes y un despu\u00e9s en la administraci\u00f3n libertaria.<\/p>\n","protected":false},"excerpt":{"rendered":"<p>La ex canciller Diana Mondino ha desatado una tormenta pol\u00edtica con explosivas declaraciones que apuntan directamente al presidente Javier Milei<\/p>\n","protected":false},"author":1,"featured_media":118545,"comment_status":"closed","ping_status":"closed","sticky":false,"template":"","format":"standard","meta":{"kia_subtitle":"Diana Mondino acus\u00f3 a Milei de \"est\u00fapido o corrupto\" por el caso Libra. La ex canciller rompi\u00f3 el silencio, desatando una crisis que podr\u00eda tener graves consecuencias para el gobierno.","footnotes":"","jetpack_publicize_message":"","jetpack_publicize_feature_enabled":true,"jetpack_social_post_already_shared":true,"jetpack_social_options":{"image_generator_settings":{"template":"highway","default_image_id":0,"font":"","enabled":false},"version":2}},"categories":[3,41],"tags":[],"class_list":["post-118544","post","type-post","status-publish","format-standard","has-post-thumbnail","hentry","category-actualidad","category-nacionales"],"jetpack_publicize_connections":[],"jetpack_featured_media_url":"https:\/\/laurbedigital.com.ar\/noticias\/wp-content\/uploads\/2025\/08\/20260808-MONDINO.jpg","_links":{"self":[{"href":"https:\/\/laurbedigital.com.ar\/noticias\/wp-json\/wp\/v2\/posts\/118544","targetHints":{"allow":["GET"]}}],"collection":[{"href":"https:\/\/laurbedigital.com.ar\/noticias\/wp-json\/wp\/v2\/posts"}],"about":[{"href":"https:\/\/laurbedigital.com.ar\/noticias\/wp-json\/wp\/v2\/types\/post"}],"author":[{"embeddable":true,"href":"https:\/\/laurbedigital.com.ar\/noticias\/wp-json\/wp\/v2\/users\/1"}],"replies":[{"embeddable":true,"href":"https:\/\/laurbedigital.com.ar\/noticias\/wp-json\/wp\/v2\/comments?post=118544"}],"version-history":[{"count":1,"href":"https:\/\/laurbedigital.com.ar\/noticias\/wp-json\/wp\/v2\/posts\/118544\/revisions"}],"predecessor-version":[{"id":118546,"href":"https:\/\/laurbedigital.com.ar\/noticias\/wp-json\/wp\/v2\/posts\/118544\/revisions\/118546"}],"wp:featuredmedia":[{"embeddable":true,"href":"https:\/\/laurbedigital.com.ar\/noticias\/wp-json\/wp\/v2\/media\/118545"}],"wp:attachment":[{"href":"https:\/\/laurbedigital.com.ar\/noticias\/wp-json\/wp\/v2\/media?parent=118544"}],"wp:term":[{"taxonomy":"category","embeddable":true,"href":"https:\/\/laurbedigital.com.ar\/noticias\/wp-json\/wp\/v2\/categories?post=118544"},{"taxonomy":"post_tag","embeddable":true,"href":"https:\/\/laurbedigital.com.ar\/noticias\/wp-json\/wp\/v2\/tags?post=118544"}],"curies":[{"name":"wp","href":"https:\/\/api.w.org\/{rel}","templated":true}]}}