{"id":118342,"date":"2025-08-01T12:11:18","date_gmt":"2025-08-01T15:11:18","guid":{"rendered":"https:\/\/laurbedigital.com.ar\/noticias\/?p=118342"},"modified":"2025-08-01T12:11:18","modified_gmt":"2025-08-01T15:11:18","slug":"mas-de-2-mil-adultos-mayores-celebraron-el-mes-del-abuelo-en-alte-brown","status":"publish","type":"post","link":"https:\/\/laurbedigital.com.ar\/noticias\/2025\/08\/01\/mas-de-2-mil-adultos-mayores-celebraron-el-mes-del-abuelo-en-alte-brown\/","title":{"rendered":"M\u00e1s de 2 mil adultos mayores celebraron el Mes del Abuelo en Alte Brown"},"content":{"rendered":"<p>El evento se llev\u00f3 a cabo en el establecimiento ubicado en la intersecci\u00f3n de las calles 25 de Mayo y Quiroga, y convoc\u00f3 a integrantes de 40 Centros de Jubilados y Pensionados del distrito, as\u00ed como tambi\u00e9n a personas mayores que realizan actividades f\u00edsicas en el Instituto Municipal del Deporte.<\/p>\n<p>Esta colorida celebraci\u00f3n se enmarca en el D\u00eda de los Abuelos, una fecha de origen religioso que recuerda a San Joaqu\u00edn y Santa Ana, abuelos de Jes\u00fas y considerados patronos por la Iglesia Cat\u00f3lica.<\/p>\n<p>La jornada comenz\u00f3 a las 10 de la ma\u00f1ana e incluy\u00f3 desayuno, almuerzo, shows musicales y mucho baile. Desde temprano, los presentes disfrutaron de distintas propuestas gastron\u00f3micas y l\u00fadicas, adem\u00e1s de shows en vivo a cargo de Maxi Gonz\u00e1lez y la Tutti Band, con un repertorio de cl\u00e1sicos de cumbia.<\/p>\n<h5><strong><em>\u201cEstos encuentros son una muestra del cari\u00f1o que le tenemos a nuestras personas mayores, que siempre nos marcan el camino con su experiencia, su alegr\u00eda y sus ganas de seguir compartiendo\u201d, expres\u00f3 Mariano Cascallares durante el festejo.<\/em><\/strong><\/h5>\n<p><img loading=\"lazy\" decoding=\"async\" class=\"alignnone size-full wp-image-118344\" src=\"https:\/\/laurbedigital.com.ar\/noticias\/wp-content\/uploads\/2025\/08\/20260801-Almirante-Brown-Mws-del-Abuelo-1.jpg\" alt=\"\" width=\"768\" height=\"428\" title=\"\" srcset=\"https:\/\/laurbedigital.com.ar\/noticias\/wp-content\/uploads\/2025\/08\/20260801-Almirante-Brown-Mws-del-Abuelo-1.jpg 768w, https:\/\/laurbedigital.com.ar\/noticias\/wp-content\/uploads\/2025\/08\/20260801-Almirante-Brown-Mws-del-Abuelo-1-300x167.jpg 300w\" sizes=\"auto, (max-width: 768px) 100vw, 768px\" \/><\/p>\n<p>Participaron centros de Longchamps (Nuestra Sabidur\u00eda, Jorge Newbery, Uni\u00f3n y Fraternidad, La Esperanza, Vida Feliz), Don Orione (Celebrar la Vida, Nuevo Milenio, 8 de Abril, Amigos del 90, Nuevo Renacer), Glew (Parque Roma, Glew Vive, Ciudad de Glew), Burzaco (La Lucy, La Cumbre, Dignidad, Hogar Eva Per\u00f3n, Santa Rosa, Stella Maris) y Malvinas Argentinas (Barrio Lindo).<\/p>\n<p>Tambi\u00e9n dijeron presente centros de Adrogu\u00e9 (Barrio Vattuone, Municipales, Amigos de Adrogu\u00e9, Puertas Abiertas), Jos\u00e9 M\u00e1rmol (Jos\u00e9 M\u00e1rmol), Rafael Calzada (Pioneros del Ayer, Sol de los Abuelos, Rafael Calzada, C.A.A.J.U.P.E), San Jos\u00e9 (15 de Julio, Nuestras Malvinas, Rinc\u00f3n de los Abuelos, 10 de Septiembre, El Progreso, La Gloria, La Tablada) y San Francisco Solano (Santa Catalina, 1\u00b0 de Noviembre C, Crep\u00fasculo de Vida, Sol de Agosto).<\/p>\n<p>Acompa\u00f1aron la actividad el jefe de Gabinete, Leandro Battafarano; la secretaria de Desarrollo, Seguridad Social y Derechos Humanos, B\u00e1rbara Mi\u00f1\u00e1n; el secretario de Relaciones con la Comunidad, Federico Sassone; la directora general de Pol\u00edticas Sectoriales y Territoriales, Fernanda Viggiani; la directora general de Empleo, Micaela Ortiz; y la coordinadora general de Adultos Mayores, Matilde Maciel.<\/p>\n","protected":false},"excerpt":{"rendered":"<p>El evento se llev\u00f3 a cabo en el establecimiento ubicado en la intersecci\u00f3n de las calles 25 de Mayo y<\/p>\n","protected":false},"author":1,"featured_media":118343,"comment_status":"closed","ping_status":"closed","sticky":false,"template":"","format":"standard","meta":{"kia_subtitle":"El intendente de Almirante Brown, Mariano Cascallares, y la secretaria de Prevenci\u00f3n y Seguridad Ciudadana, Paula Eichel, compartieron una jornada festiva junto a m\u00e1s de 2 mil adultos mayores en el marco de los festejos por el Mes del Abuelo, que tuvo lugar en el Polideportivo Municipal de Ministro Rivadavia.","footnotes":"","jetpack_publicize_message":"","jetpack_publicize_feature_enabled":true,"jetpack_social_post_already_shared":true,"jetpack_social_options":{"image_generator_settings":{"template":"highway","default_image_id":0,"font":"","enabled":false},"version":2}},"categories":[2,33,250],"tags":[],"class_list":["post-118342","post","type-post","status-publish","format-standard","has-post-thumbnail","hentry","category-alte-brown","category-alte-brown-alte-brown","category-ministro-rivadavia"],"jetpack_publicize_connections":[],"jetpack_featured_media_url":"https:\/\/laurbedigital.com.ar\/noticias\/wp-content\/uploads\/2025\/08\/20260801-Almirante-Brown-Mws-del-Abuelo.jpg","_links":{"self":[{"href":"https:\/\/laurbedigital.com.ar\/noticias\/wp-json\/wp\/v2\/posts\/118342","targetHints":{"allow":["GET"]}}],"collection":[{"href":"https:\/\/laurbedigital.com.ar\/noticias\/wp-json\/wp\/v2\/posts"}],"about":[{"href":"https:\/\/laurbedigital.com.ar\/noticias\/wp-json\/wp\/v2\/types\/post"}],"author":[{"embeddable":true,"href":"https:\/\/laurbedigital.com.ar\/noticias\/wp-json\/wp\/v2\/users\/1"}],"replies":[{"embeddable":true,"href":"https:\/\/laurbedigital.com.ar\/noticias\/wp-json\/wp\/v2\/comments?post=118342"}],"version-history":[{"count":1,"href":"https:\/\/laurbedigital.com.ar\/noticias\/wp-json\/wp\/v2\/posts\/118342\/revisions"}],"predecessor-version":[{"id":118345,"href":"https:\/\/laurbedigital.com.ar\/noticias\/wp-json\/wp\/v2\/posts\/118342\/revisions\/118345"}],"wp:featuredmedia":[{"embeddable":true,"href":"https:\/\/laurbedigital.com.ar\/noticias\/wp-json\/wp\/v2\/media\/118343"}],"wp:attachment":[{"href":"https:\/\/laurbedigital.com.ar\/noticias\/wp-json\/wp\/v2\/media?parent=118342"}],"wp:term":[{"taxonomy":"category","embeddable":true,"href":"https:\/\/laurbedigital.com.ar\/noticias\/wp-json\/wp\/v2\/categories?post=118342"},{"taxonomy":"post_tag","embeddable":true,"href":"https:\/\/laurbedigital.com.ar\/noticias\/wp-json\/wp\/v2\/tags?post=118342"}],"curies":[{"name":"wp","href":"https:\/\/api.w.org\/{rel}","templated":true}]}}