{"id":118278,"date":"2025-07-30T02:38:31","date_gmt":"2025-07-30T05:38:31","guid":{"rendered":"https:\/\/laurbedigital.com.ar\/noticias\/?p=118278"},"modified":"2025-07-30T02:38:31","modified_gmt":"2025-07-30T05:38:31","slug":"0dia-mundial-contra-la-trata-de-personas-30-de-julio","status":"publish","type":"post","link":"https:\/\/laurbedigital.com.ar\/noticias\/2025\/07\/30\/0dia-mundial-contra-la-trata-de-personas-30-de-julio\/","title":{"rendered":"D\u00eda Mundial contra la Trata de Personas"},"content":{"rendered":"<h3 id=\"resTit_2\"><strong>\u00bfEn qu\u00e9 consiste la trata de personas?<\/strong><\/h3>\n<p>La\u00a0<strong>trata de personas<\/strong>\u00a0es considerada uno de los m\u00e1s graves delitos de violaci\u00f3n a los derechos humanos, siendo catalogada un s\u00edmbolo moderno de esclavitud del siglo XXI, mediante la cual las personas son privadas de su libertad y derechos por parte de terceras personas.<\/p>\n<p>Son sometidas contra su voluntad a situaciones de\u00a0<strong>explotaci\u00f3n sexual y laboral, trabajos forzados, servidumbre dom\u00e9stica, extracci\u00f3n de \u00f3rganos, mendicidad<\/strong>, entre otras modalidades.<\/p>\n<p><strong>Se estima que aproximadamente el 30% de las v\u00edctimas de la trata de personas son ni\u00f1os y el otro 70% son mujeres y ni\u00f1as<\/strong>. Los primeros en la mayor\u00eda de los casos se usan para realizar trabajos forzosos en situaciones precarias, mientras que las mujeres y ni\u00f1as son explotadas sexualmente desde muy temprana edad.<\/p>\n<p>Esto sin contar aquellos casos relacionados con los comerciantes de \u00f3rganos del mercado negro, o que se vinculan con otros hechos delictivos como el tr\u00e1fico de drogas.<\/p>\n<p>Actualmente,\u00a0<strong>m\u00e1s de 12 millones de personas a nivel mundial son v\u00edctimas de este delito<\/strong>. Existen aproximadamente 500 rutas de tr\u00e1fico de personas y tan solo 32 de ellas se encuentran en Iberoam\u00e9rica.<\/p>\n<p>Unido a ello se resalta el gran peligro potencial que ha originado Internet y las redes sociales, donde las traficantes tienden puentes de forma an\u00f3nima con posibles v\u00edctimas, atray\u00e9ndolas hacia su red de contrabando humano.<\/p>\n","protected":false},"excerpt":{"rendered":"<p>\u00bfEn qu\u00e9 consiste la trata de personas? La\u00a0trata de personas\u00a0es considerada uno de los m\u00e1s graves delitos de violaci\u00f3n a<\/p>\n","protected":false},"author":1,"featured_media":79989,"comment_status":"closed","ping_status":"closed","sticky":false,"template":"","format":"standard","meta":{"kia_subtitle":"En el a\u00f1o 2013, la Asamblea General de la ONU decret\u00f3 el 30 de julio como D\u00eda Mundial contra la Trata de Personas, con la clara intenci\u00f3n de concienciar a las personas y sobre todo a los gobiernos, acerca de la grave problem\u00e1tica que ha acarreado la expansi\u00f3n de este delito a nivel mundial.","footnotes":"","jetpack_publicize_message":"","jetpack_publicize_feature_enabled":true,"jetpack_social_post_already_shared":true,"jetpack_social_options":{"image_generator_settings":{"template":"highway","default_image_id":0,"font":"","enabled":false},"version":2}},"categories":[5,2594],"tags":[],"class_list":["post-118278","post","type-post","status-publish","format-standard","has-post-thumbnail","hentry","category-cultura","category-efemerides"],"jetpack_publicize_connections":[],"jetpack_featured_media_url":"https:\/\/laurbedigital.com.ar\/noticias\/wp-content\/uploads\/2022\/07\/20220729-trata.jpg","_links":{"self":[{"href":"https:\/\/laurbedigital.com.ar\/noticias\/wp-json\/wp\/v2\/posts\/118278","targetHints":{"allow":["GET"]}}],"collection":[{"href":"https:\/\/laurbedigital.com.ar\/noticias\/wp-json\/wp\/v2\/posts"}],"about":[{"href":"https:\/\/laurbedigital.com.ar\/noticias\/wp-json\/wp\/v2\/types\/post"}],"author":[{"embeddable":true,"href":"https:\/\/laurbedigital.com.ar\/noticias\/wp-json\/wp\/v2\/users\/1"}],"replies":[{"embeddable":true,"href":"https:\/\/laurbedigital.com.ar\/noticias\/wp-json\/wp\/v2\/comments?post=118278"}],"version-history":[{"count":2,"href":"https:\/\/laurbedigital.com.ar\/noticias\/wp-json\/wp\/v2\/posts\/118278\/revisions"}],"predecessor-version":[{"id":118280,"href":"https:\/\/laurbedigital.com.ar\/noticias\/wp-json\/wp\/v2\/posts\/118278\/revisions\/118280"}],"wp:featuredmedia":[{"embeddable":true,"href":"https:\/\/laurbedigital.com.ar\/noticias\/wp-json\/wp\/v2\/media\/79989"}],"wp:attachment":[{"href":"https:\/\/laurbedigital.com.ar\/noticias\/wp-json\/wp\/v2\/media?parent=118278"}],"wp:term":[{"taxonomy":"category","embeddable":true,"href":"https:\/\/laurbedigital.com.ar\/noticias\/wp-json\/wp\/v2\/categories?post=118278"},{"taxonomy":"post_tag","embeddable":true,"href":"https:\/\/laurbedigital.com.ar\/noticias\/wp-json\/wp\/v2\/tags?post=118278"}],"curies":[{"name":"wp","href":"https:\/\/api.w.org\/{rel}","templated":true}]}}