{"id":118255,"date":"2025-07-29T01:04:41","date_gmt":"2025-07-29T04:04:41","guid":{"rendered":"https:\/\/laurbedigital.com.ar\/noticias\/?p=118255"},"modified":"2025-07-29T01:05:27","modified_gmt":"2025-07-29T04:05:27","slug":"la-desindustrializacion-argentina-fabricas-cierran-produccion-migra-y-el-empleo-entra-en-alerta","status":"publish","type":"post","link":"https:\/\/laurbedigital.com.ar\/noticias\/2025\/07\/29\/la-desindustrializacion-argentina-fabricas-cierran-produccion-migra-y-el-empleo-entra-en-alerta\/","title":{"rendered":"La desindustrializaci\u00f3n argentina: F\u00e1bricas cierran, producci\u00f3n migra y el empleo entra en alerta"},"content":{"rendered":"<h5><strong>Este fen\u00f3meno, impulsado por una pol\u00edtica de apertura comercial extrema, genera una creciente preocupaci\u00f3n entre empresarios, economistas y gremialistas, quienes alertan sobre una inminente \u00abbomba de tiempo\u00bb en el \u00e1mbito del empleo si la tendencia no se revierte.<\/strong><\/h5>\n<h3>La avalancha importadora y el desmantelamiento industrial<\/h3>\n<p>Durante el primer semestre de 2025, las importaciones argentinas crecieron un <b>34,6% en d\u00f3lares<\/b>, con un notable aumento del <b>53,2% en volumen solo en junio<\/b>. Esta avalancha responde a un patr\u00f3n claro: empresas que abandonan la producci\u00f3n local para transformarse en meras importadoras. Este escenario es resultado directo de las pol\u00edticas implementadas por el gobierno de Javier Milei, que incluyen la eliminaci\u00f3n de controles a las importaciones, la reducci\u00f3n de aranceles, la autorizaci\u00f3n de ingreso de productos sin cumplir normativas t\u00e9cnicas estrictas y la facilitaci\u00f3n para importar maquinaria usada o a trav\u00e9s de servicios de <i>courier<\/i>.<\/p>\n<p>Expertos se\u00f1alan que estas medidas est\u00e1n \u00abdesarmando el entramado industrial nacional\u00bb sin ofrecer alternativas ni un plan de transici\u00f3n para los trabajadores afectados. Un informe del Centro de Estudios Fundar, titulado \u00abAbrir sin Paraca\u00eddas\u00bb, advierte que m\u00e1s de <b>430.000 puestos de trabajo<\/b> est\u00e1n en riesgo debido a la sustituci\u00f3n de la producci\u00f3n local por bienes importados. Incluso industriales que a\u00fan resisten reconocen que la apertura fue \u00abbrutal\u00bb, y que ahora dependen cada vez m\u00e1s de insumos y productos fabricados en el exterior.<\/p>\n<h3>Brasil y China: los nuevos ejes de producci\u00f3n para el mercado argentino<\/h3>\n<p>El cambio de paradigma es palpable en diversos sectores. La <b>industria autopartista<\/b> es una de las m\u00e1s golpeadas, con empresas como <b>SKF<\/b> que ya est\u00e1n trasladando parte de su producci\u00f3n a Brasil. Otros grupos, como <b>Mirgor<\/b>, optan por importar la mayor\u00eda de sus componentes desde China para solo ensamblarlos localmente. Un caso paradigm\u00e1tico es el Proyecto Patagonia de Volkswagen, en alianza con Saic-Maxus, que directamente importa veh\u00edculos en sistema CKD (completamente desarmados) para un ensamble m\u00ednimo en General Pacheco, sin utilizar partes nacionales.<\/p>\n<p>Aldo Lo Russo, empresario del sector metal\u00fargico, ilustra la situaci\u00f3n: su oferta pas\u00f3 de un 5% a un 20% de producto importado. Este viraje es tan marcado que se duplic\u00f3 la cantidad de empresarios argentinos que asistieron este a\u00f1o a la Feria de Cant\u00f3n en China, buscando proveedores y precios m\u00e1s competitivos.<\/p>\n<h3>Casos emblem\u00e1ticos de cierre y migraci\u00f3n de producci\u00f3n<\/h3>\n<p>La desindustrializaci\u00f3n se materializa en casos concretos de empresas tradicionales que abandonan la producci\u00f3n local:<\/p>\n<ul>\n<li><b>Lumilagro<\/b>: La ic\u00f3nica fabricante de termos dej\u00f3 de producir el 60% de su l\u00ednea en Argentina, trasladando esa producci\u00f3n a China. Su planta en Tortuguitas ahora se limita a unos pocos modelos y emplea a solo 65 personas, compitiendo con un mercado saturado de termos importados, incluyendo muchos de contrabando.<\/li>\n<li><b>Kenvue<\/b>: La multinacional productora de toallitas femeninas cerr\u00f3 su planta en Pilar y mud\u00f3 su producci\u00f3n a Brasil y Colombia.<\/li>\n<li><b>Clariant<\/b>: Esta compa\u00f1\u00eda tambi\u00e9n cesa operaciones en el Parque Industrial de Z\u00e1rate para concentrar su producci\u00f3n en Brasil, desde donde abastecer\u00e1 al mercado argentino.<\/li>\n<\/ul>\n<p>La economista Agostina Monti Far\u00edas subraya que el caso de Lumilagro no es aislado, indicando que \u00abmuchos empresarios importan para sobrevivir, no porque lo prefieran, sino porque ya no pueden sostener los costos de producir en Argentina\u00bb.<\/p>\n<h3>El sector textil: otra v\u00edctima con miles de empleos en riesgo<\/h3>\n<p>El <b>sector textil<\/b>, que hist\u00f3ricamente ha sido una importante fuente de empleo, tambi\u00e9n sufre un fuerte retroceso. Marco Meloni, vicepresidente de la Fundaci\u00f3n Pro Tejer, estima una p\u00e9rdida de <b>13.000 empleos<\/b> y otros <b>15.000 trabajadores<\/b> en situaci\u00f3n de vacaciones forzadas o turnos reducidos. Meloni explica que quienes antes fabricaban todo localmente, ahora compran un 60% de productos importados. En los grandes centros comerciales, la presencia de prendas con contenido nacional ha ca\u00eddo dr\u00e1sticamente, representando apenas el 15% del total.<\/p>\n<p>Argentina se enfrenta a un \u00e9xodo empresarial que vac\u00eda f\u00e1bricas, destruye empleos y transforma progresivamente al pa\u00eds en un simple mercado consumidor de bienes extranjeros. Las advertencias sobre las consecuencias de una apertura comercial sin mecanismos de contenci\u00f3n son claras, y miles de trabajadores se enfrentan a un futuro incierto. La cuesti\u00f3n crucial es si el gobierno tomar\u00e1 medidas antes de que el da\u00f1o al tejido productivo y social sea irreversible.<\/p>\n","protected":false},"excerpt":{"rendered":"<p>Este fen\u00f3meno, impulsado por una pol\u00edtica de apertura comercial extrema, genera una creciente preocupaci\u00f3n entre empresarios, economistas y gremialistas, quienes<\/p>\n","protected":false},"author":1,"featured_media":118240,"comment_status":"closed","ping_status":"closed","sticky":false,"template":"","format":"standard","meta":{"kia_subtitle":"Argentina experimenta un acelerado proceso de desindustrializaci\u00f3n. Numerosas f\u00e1bricas cierran sus puertas, l\u00edneas de producci\u00f3n se trasladan a Brasil y el mercado se inunda con productos importados desde China.","footnotes":"","jetpack_publicize_message":"","jetpack_publicize_feature_enabled":true,"jetpack_social_post_already_shared":true,"jetpack_social_options":{"image_generator_settings":{"template":"highway","default_image_id":0,"font":"","enabled":false},"version":2}},"categories":[3,41],"tags":[],"class_list":["post-118255","post","type-post","status-publish","format-standard","has-post-thumbnail","hentry","category-actualidad","category-nacionales"],"jetpack_publicize_connections":[],"jetpack_featured_media_url":"https:\/\/laurbedigital.com.ar\/noticias\/wp-content\/uploads\/2025\/07\/20260729-desindustrializacion.jpg","_links":{"self":[{"href":"https:\/\/laurbedigital.com.ar\/noticias\/wp-json\/wp\/v2\/posts\/118255","targetHints":{"allow":["GET"]}}],"collection":[{"href":"https:\/\/laurbedigital.com.ar\/noticias\/wp-json\/wp\/v2\/posts"}],"about":[{"href":"https:\/\/laurbedigital.com.ar\/noticias\/wp-json\/wp\/v2\/types\/post"}],"author":[{"embeddable":true,"href":"https:\/\/laurbedigital.com.ar\/noticias\/wp-json\/wp\/v2\/users\/1"}],"replies":[{"embeddable":true,"href":"https:\/\/laurbedigital.com.ar\/noticias\/wp-json\/wp\/v2\/comments?post=118255"}],"version-history":[{"count":3,"href":"https:\/\/laurbedigital.com.ar\/noticias\/wp-json\/wp\/v2\/posts\/118255\/revisions"}],"predecessor-version":[{"id":118258,"href":"https:\/\/laurbedigital.com.ar\/noticias\/wp-json\/wp\/v2\/posts\/118255\/revisions\/118258"}],"wp:featuredmedia":[{"embeddable":true,"href":"https:\/\/laurbedigital.com.ar\/noticias\/wp-json\/wp\/v2\/media\/118240"}],"wp:attachment":[{"href":"https:\/\/laurbedigital.com.ar\/noticias\/wp-json\/wp\/v2\/media?parent=118255"}],"wp:term":[{"taxonomy":"category","embeddable":true,"href":"https:\/\/laurbedigital.com.ar\/noticias\/wp-json\/wp\/v2\/categories?post=118255"},{"taxonomy":"post_tag","embeddable":true,"href":"https:\/\/laurbedigital.com.ar\/noticias\/wp-json\/wp\/v2\/tags?post=118255"}],"curies":[{"name":"wp","href":"https:\/\/api.w.org\/{rel}","templated":true}]}}