{"id":118213,"date":"2025-07-28T00:57:54","date_gmt":"2025-07-28T03:57:54","guid":{"rendered":"https:\/\/laurbedigital.com.ar\/noticias\/?p=118213"},"modified":"2025-07-28T00:57:54","modified_gmt":"2025-07-28T03:57:54","slug":"emotivo-homenaje-del-pj-de-alte-brown-a-eva-peron-en-el-aniversario-de-su-paso-a-la-inmortalidad","status":"publish","type":"post","link":"https:\/\/laurbedigital.com.ar\/noticias\/2025\/07\/28\/emotivo-homenaje-del-pj-de-alte-brown-a-eva-peron-en-el-aniversario-de-su-paso-a-la-inmortalidad\/","title":{"rendered":"Emotivo homenaje del PJ de Alte Brown a Eva Per\u00f3n en el aniversario de su paso a la inmortalidad"},"content":{"rendered":"<p>La actividad -realizada en la intersecci\u00f3n de las calles Alcorta y Hualfin de la mencionada localidad- fue encabezada por el presidente del PJ browniano, Mariano Cascallares, y tambi\u00e9n acompa\u00f1aron los candidatos de Fuerza Patria Paula Eichel y Leandro Battafarano, junto a militantes, vecinos e integrantes del Peronismo browniano y del equipo municipal.<\/p>\n<p>En la oportunidad hubo palabras de agradecimiento hacia la abanderada de los humildes. Tambi\u00e9n un repaso de la obra de Eva Per\u00f3n y su inmenso legado. Y pasadas las 20 horas -momento de la partida de Evita- comenzaron a encenderse velas a modo de despedida y homenaje.<\/p>\n<p>El acto se cerr\u00f3 cuando las y los presentes entonaron a viva voz la Marcha Peronista recordando con emoci\u00f3n a la compa\u00f1era del General Juan Per\u00f3n.<\/p>\n<h5><strong><em>Mariano Cascallares destac\u00f3 la figura y el legado de Evita al se\u00f1alar que \u201cEva cre\u00f3 derechos. Sembr\u00f3 justicia social. Luch\u00f3 con coraje. Le devolvi\u00f3 la esperanza a los humildes y abraz\u00f3 al pueblo con ternura. Finalmente, nos ense\u00f1\u00f3 a no rendirnos jam\u00e1s\u201d, concluy\u00f3.<\/em><\/strong><\/h5>\n<p><img loading=\"lazy\" decoding=\"async\" class=\"alignnone size-full wp-image-118215\" src=\"https:\/\/laurbedigital.com.ar\/noticias\/wp-content\/uploads\/2025\/07\/20260728-almirante-Brown-homenaje-a-Eva-Peron1.jpg\" alt=\"\" width=\"768\" height=\"428\" title=\"\"><\/p>\n<p>Por \u00faltimo, el tambi\u00e9n jefe comunal browniano parafraseo a Evita al rememorar una de sus hist\u00f3ricas frases: \u00abYo no quise ni quiero nada para m\u00ed. Mi gloria es y ser\u00e1 siempre el escudo de Per\u00f3n y la bandera de mi pueblo. Y aunque deje en el camino jirones de mi vida, yo s\u00e9 que ustedes recoger\u00e1n mi nombre y lo llevar\u00e1n como bandera a la victoria\u00bb.<\/p>\n","protected":false},"excerpt":{"rendered":"<p>La actividad -realizada en la intersecci\u00f3n de las calles Alcorta y Hualfin de la mencionada localidad- fue encabezada por el<\/p>\n","protected":false},"author":1,"featured_media":118214,"comment_status":"closed","ping_status":"closed","sticky":false,"template":"","format":"standard","meta":{"kia_subtitle":"El Partido Justicialista de Almirante Brown llev\u00f3 a cabo en Burzaco un emotivo homenaje a Eva Per\u00f3n al cumplirse este s\u00e1bado 26 de julio el 73\u00b0 aniversario de su Paso a la Inmortalidad, cuando ten\u00eda tan s\u00f3lo 33 a\u00f1os de edad.","footnotes":"","jetpack_publicize_message":"","jetpack_publicize_feature_enabled":true,"jetpack_social_post_already_shared":true,"jetpack_social_options":{"image_generator_settings":{"template":"highway","default_image_id":0,"font":"","enabled":false},"version":2}},"categories":[2,33],"tags":[],"class_list":["post-118213","post","type-post","status-publish","format-standard","has-post-thumbnail","hentry","category-alte-brown","category-alte-brown-alte-brown"],"jetpack_publicize_connections":[],"jetpack_featured_media_url":"https:\/\/laurbedigital.com.ar\/noticias\/wp-content\/uploads\/2025\/07\/20260728-almirante-Brown-homenaje-a-Eva-Peron.jpg","_links":{"self":[{"href":"https:\/\/laurbedigital.com.ar\/noticias\/wp-json\/wp\/v2\/posts\/118213","targetHints":{"allow":["GET"]}}],"collection":[{"href":"https:\/\/laurbedigital.com.ar\/noticias\/wp-json\/wp\/v2\/posts"}],"about":[{"href":"https:\/\/laurbedigital.com.ar\/noticias\/wp-json\/wp\/v2\/types\/post"}],"author":[{"embeddable":true,"href":"https:\/\/laurbedigital.com.ar\/noticias\/wp-json\/wp\/v2\/users\/1"}],"replies":[{"embeddable":true,"href":"https:\/\/laurbedigital.com.ar\/noticias\/wp-json\/wp\/v2\/comments?post=118213"}],"version-history":[{"count":1,"href":"https:\/\/laurbedigital.com.ar\/noticias\/wp-json\/wp\/v2\/posts\/118213\/revisions"}],"predecessor-version":[{"id":118216,"href":"https:\/\/laurbedigital.com.ar\/noticias\/wp-json\/wp\/v2\/posts\/118213\/revisions\/118216"}],"wp:featuredmedia":[{"embeddable":true,"href":"https:\/\/laurbedigital.com.ar\/noticias\/wp-json\/wp\/v2\/media\/118214"}],"wp:attachment":[{"href":"https:\/\/laurbedigital.com.ar\/noticias\/wp-json\/wp\/v2\/media?parent=118213"}],"wp:term":[{"taxonomy":"category","embeddable":true,"href":"https:\/\/laurbedigital.com.ar\/noticias\/wp-json\/wp\/v2\/categories?post=118213"},{"taxonomy":"post_tag","embeddable":true,"href":"https:\/\/laurbedigital.com.ar\/noticias\/wp-json\/wp\/v2\/tags?post=118213"}],"curies":[{"name":"wp","href":"https:\/\/api.w.org\/{rel}","templated":true}]}}