{"id":118205,"date":"2025-07-28T00:07:30","date_gmt":"2025-07-28T03:07:30","guid":{"rendered":"https:\/\/laurbedigital.com.ar\/noticias\/?p=118205"},"modified":"2025-07-28T00:26:17","modified_gmt":"2025-07-28T03:26:17","slug":"crisis-en-el-garrahan-mas-de-220-renuncias-y-protestas-ante-el-vaciamiento-del-hospital","status":"publish","type":"post","link":"https:\/\/laurbedigital.com.ar\/noticias\/2025\/07\/28\/crisis-en-el-garrahan-mas-de-220-renuncias-y-protestas-ante-el-vaciamiento-del-hospital\/","title":{"rendered":"Crisis en el Garrahan: M\u00e1s de 220 renuncias y protestas ante el vaciamiento del hospital"},"content":{"rendered":"<p><strong>En respuesta, los trabajadores han intensificado sus medidas de fuerza, exigiendo un salario m\u00ednimo de $1.800.000 y condiciones laborales dignas, frente a la precarizaci\u00f3n que denuncian. La situaci\u00f3n pone en jaque la calidad de atenci\u00f3n y el futuro de uno de los pilares de la salud p\u00fablica argentina.<\/strong><\/p>\n<h3>Salarios insuficientes y el \u00e9xodo de profesionales<\/h3>\n<p>La <b>ola de renuncias<\/b> en el Garrahan es el reflejo m\u00e1s palpable de la grave situaci\u00f3n que atraviesa el hospital. Aunque las cifras oficiales de junio reportan 114 bajas, los trabajadores aseguran que el n\u00famero supera las 220, con un \u00abaceleramiento\u00bb en la salida de personal especializado. Este \u00e9xodo masivo se debe, fundamentalmente, a los <b>salarios que consideran insuficientes<\/b>. El gremio reclama un piso salarial de $1.800.000 para frenar la sangr\u00eda de talentos que migran hacia el sector privado o incluso al extranjero, buscando mejores oportunidades.<\/p>\n<p>Pero no solo el salario es motivo de conflicto. La <b>precarizaci\u00f3n laboral<\/b> es otro punto cr\u00edtico. Residentes y becarios, pilares en la formaci\u00f3n y atenci\u00f3n, se encuentran en una situaci\u00f3n de informalidad que los trabajadores califican de \u00abinaceptable\u00bb. La Resoluci\u00f3n 2109\/2025, que establece dos modalidades para residentes (una con $828.430 y aportes, y otra de $1.498.113 sin ellos), es vista como una profundizaci\u00f3n de esta precarizaci\u00f3n, dejando a gran parte del personal sin los beneficios y la seguridad de un empleo formal con recibo de sueldo. Esta situaci\u00f3n no solo afecta la calidad de vida de los profesionales, sino que tambi\u00e9n pone en riesgo la capacidad del hospital para retener y formar a las futuras generaciones de especialistas.<\/p>\n<h3>Acciones de protesta y b\u00fasqueda de respaldo pol\u00edtico<\/h3>\n<p>Ante la cr\u00edtica situaci\u00f3n, la APyT ha lanzado el plan de acci\u00f3n <b>\u00abAgosto por el Hospital Garrahan y las Infancias\u00bb<\/b>. Este incluye una serie de iniciativas destinadas a visibilizar sus demandas y buscar el respaldo de la sociedad y la pol\u00edtica. El pr\u00f3ximo <b>s\u00e1bado 2 de agosto<\/b>, se realizar\u00e1 un <b>\u00abCabildo Abierto de Salud\u00bb<\/b> junto a diversas organizaciones sociales, sindicatos, agrupaciones estudiantiles y de derechos humanos, buscando un amplio consenso en torno a la defensa del hospital.<\/p>\n<p>Las protestas no se detienen ah\u00ed. El viernes 1 de agosto se llevar\u00e1 a cabo una <b>caminata art\u00edstica con velas<\/b> a las 18 horas, partiendo desde Corrientes y Callao, como una forma de sensibilizar a la ciudadan\u00eda. Adem\u00e1s, el <b>6 de agosto<\/b>, una asamblea votar\u00e1 la posibilidad de convocar a un <b>paro nacional<\/b>, con una caravana y ruidazo frente a la Quinta de Olivos, previsto para el 13 de agosto.<\/p>\n<p>En el \u00e1mbito legislativo, la C\u00e1mara de Diputados agend\u00f3 para la primera semana de agosto una sesi\u00f3n clave. En ella, se tratar\u00e1 la <b>declaraci\u00f3n de emergencia pedi\u00e1trica en el Garrahan<\/b>, un proyecto que ya cuenta con dictamen favorable y que forma parte de un paquete legislativo impulsado por la oposici\u00f3n. La bancada opositora ve esta medida como un respaldo institucional a los reclamos gremiales, mientras el oficialismo busca bloquear su avance a trav\u00e9s de negociaciones, lo que a\u00f1ade una dimensi\u00f3n pol\u00edtica a la ya compleja situaci\u00f3n del hospital.<\/p>\n<h3>Cambios en la gesti\u00f3n y el desaf\u00edo de la excelencia<\/h3>\n<p>En medio de este escenario de conflicto, el Garrahan ha experimentado cambios en su c\u00fapula directiva. En junio, asumi\u00f3 la Dra. Mariel S\u00e1nchez como nueva presidenta del Consejo de Administraci\u00f3n, acompa\u00f1ada por Mariano Pirozzo como director m\u00e9dico. La nueva gesti\u00f3n ha anunciado medidas para optimizar recursos, como la <b>reducci\u00f3n de cargos jer\u00e1rquicos<\/b>, la implementaci\u00f3n de comit\u00e9s de compras y un <b>ahorro del 30% en insumos<\/b>. Aseguran que estas acciones no afectar\u00e1n la calidad de la atenci\u00f3n m\u00e9dica.<\/p>\n<p>Sin embargo, los trabajadores cuestionan que estos ahorros \u00abno se reflejan en mejoras salariales\u00bb, y se\u00f1alan que el nuevo r\u00e9gimen de becas sigue estando fuera de las normas laborales formales. La brecha entre las medidas de gesti\u00f3n y las demandas del personal agudiza el conflicto, a pesar de que el hospital contin\u00faa siendo un faro de la medicina pedi\u00e1trica. El Garrahan realiza el 50% de los trasplantes pedi\u00e1tricos del pa\u00eds y fue pionero en t\u00e9cnicas avanzadas como la operaci\u00f3n fetal intrauterina por mielomeningocele. Entre sus planes futuros se incluye la incorporaci\u00f3n del primer trasplante intestinal infantil p\u00fablico y la apertura de un Banco de C\u00f3rneas nacional. No obstante, el personal insiste en que la precarizaci\u00f3n laboral y la salida de profesionales amenazan con poner en riesgo estos logros y la excelencia m\u00e9dica que siempre caracteriz\u00f3 a la instituci\u00f3n.<\/p>\n","protected":false},"excerpt":{"rendered":"<p>En respuesta, los trabajadores han intensificado sus medidas de fuerza, exigiendo un salario m\u00ednimo de $1.800.000 y condiciones laborales dignas,<\/p>\n","protected":false},"author":1,"featured_media":116623,"comment_status":"closed","ping_status":"closed","sticky":false,"template":"","format":"standard","meta":{"kia_subtitle":"El Hospital Garrahan, referente en pediatr\u00eda a nivel nacional e internacional, enfrenta una profunda crisis. M\u00e1s de 220 profesionales han renunciado en lo que va del a\u00f1o, una cifra alarmante que la Asociaci\u00f3n Civil y Gremial de Profesionales y T\u00e9cnicos del Hospital Garrahan (APyT) atribuye al \"vaciamiento\" de la instituci\u00f3n.","footnotes":"","jetpack_publicize_message":"","jetpack_publicize_feature_enabled":true,"jetpack_social_post_already_shared":true,"jetpack_social_options":{"image_generator_settings":{"template":"highway","default_image_id":0,"font":"","enabled":false},"version":2}},"categories":[3,13,41],"tags":[],"class_list":["post-118205","post","type-post","status-publish","format-standard","has-post-thumbnail","hentry","category-actualidad","category-region","category-nacionales"],"jetpack_publicize_connections":[],"jetpack_featured_media_url":"https:\/\/laurbedigital.com.ar\/noticias\/wp-content\/uploads\/2025\/06\/20250605-Hospital-Garrahan.jpg","_links":{"self":[{"href":"https:\/\/laurbedigital.com.ar\/noticias\/wp-json\/wp\/v2\/posts\/118205","targetHints":{"allow":["GET"]}}],"collection":[{"href":"https:\/\/laurbedigital.com.ar\/noticias\/wp-json\/wp\/v2\/posts"}],"about":[{"href":"https:\/\/laurbedigital.com.ar\/noticias\/wp-json\/wp\/v2\/types\/post"}],"author":[{"embeddable":true,"href":"https:\/\/laurbedigital.com.ar\/noticias\/wp-json\/wp\/v2\/users\/1"}],"replies":[{"embeddable":true,"href":"https:\/\/laurbedigital.com.ar\/noticias\/wp-json\/wp\/v2\/comments?post=118205"}],"version-history":[{"count":1,"href":"https:\/\/laurbedigital.com.ar\/noticias\/wp-json\/wp\/v2\/posts\/118205\/revisions"}],"predecessor-version":[{"id":118206,"href":"https:\/\/laurbedigital.com.ar\/noticias\/wp-json\/wp\/v2\/posts\/118205\/revisions\/118206"}],"wp:featuredmedia":[{"embeddable":true,"href":"https:\/\/laurbedigital.com.ar\/noticias\/wp-json\/wp\/v2\/media\/116623"}],"wp:attachment":[{"href":"https:\/\/laurbedigital.com.ar\/noticias\/wp-json\/wp\/v2\/media?parent=118205"}],"wp:term":[{"taxonomy":"category","embeddable":true,"href":"https:\/\/laurbedigital.com.ar\/noticias\/wp-json\/wp\/v2\/categories?post=118205"},{"taxonomy":"post_tag","embeddable":true,"href":"https:\/\/laurbedigital.com.ar\/noticias\/wp-json\/wp\/v2\/tags?post=118205"}],"curies":[{"name":"wp","href":"https:\/\/api.w.org\/{rel}","templated":true}]}}