{"id":118195,"date":"2025-07-27T03:02:37","date_gmt":"2025-07-27T06:02:37","guid":{"rendered":"https:\/\/laurbedigital.com.ar\/noticias\/?p=118195"},"modified":"2025-07-27T03:02:37","modified_gmt":"2025-07-27T06:02:37","slug":"preocupacion-en-el-sector-pyme-la-desindustrializacion-y-la-caida-del-consumo-profundizan-la-recesion","status":"publish","type":"post","link":"https:\/\/laurbedigital.com.ar\/noticias\/2025\/07\/27\/preocupacion-en-el-sector-pyme-la-desindustrializacion-y-la-caida-del-consumo-profundizan-la-recesion\/","title":{"rendered":"Preocupaci\u00f3n en el sector pyme: la desindustrializaci\u00f3n y la ca\u00edda del consumo profundizan la recesi\u00f3n"},"content":{"rendered":"<p>La econom\u00eda argentina, y en particular el sector de las peque\u00f1as y medianas empresas (pymes), atraviesa un momento cr\u00edtico. Un reciente informe de la Asociaci\u00f3n de Empresarios Nacionales para el Desarrollo Argentino (<b>ENAC<\/b>) encendi\u00f3 las alarmas al se\u00f1alar que, durante el segundo trimestre de 2024, el mercado interno y la actividad econ\u00f3mica \u00abvolvieron a entrar en recesi\u00f3n\u00bb. Esta situaci\u00f3n se ve agravada por una profundizaci\u00f3n del \u00abproceso de desindustrializaci\u00f3n\u00bb impulsado por las pol\u00edticas del gobierno de Javier Milei, que mantiene a la actividad fabril operando muy por debajo de su capacidad instalada.<\/p>\n<h3>El pulso de las pymes: ventas a la baja y costos al alza<\/h3>\n<p>La encuesta, que abarc\u00f3 a 342 empresarios de diecis\u00e9is provincias, ofrece un panorama desolador. <b>ENAC<\/b> advierte que el gobierno estar\u00eda utilizando a la industria como \u00abancla\u00bb para contener los salarios, una estrategia que, seg\u00fan el informe, ha llevado a una ca\u00edda generalizada de las ventas en todos los sectores, una diferencia notable respecto al primer trimestre del a\u00f1o.<\/p>\n<p>Durante el segundo trimestre, solo el 54,7% de las empresas relevadas report\u00f3 \u00abventas razonables\u00bb. Sin embargo, esta cifra esconde una realidad dispar: mientras que cinco de cada diez industrias se mostraron conformes con sus ventas, este porcentaje subi\u00f3 al 60% en el sector comercial, aunque los comerciantes reconocieron \u00abretrocesos significativos respecto del inicio del a\u00f1o\u00bb. La ca\u00edda promedio de las ventas, en comparaci\u00f3n con el primer trimestre, fue del <b>8,6%<\/b>, con un desplome a\u00fan m\u00e1s pronunciado en el rubro servicios, que sufri\u00f3 una contracci\u00f3n del <b>15,5%<\/b>.<\/p>\n<p>Paralelamente a esta merma en los ingresos, los costos de producci\u00f3n experimentaron un incremento cercano al <b>19%<\/b>, triplicando la inflaci\u00f3n registrada en el mismo per\u00edodo, que fue del 5,9%. No obstante, las empresas solo pudieron trasladar un 15,6% de este aumento a sus precios, lo que ha derivado en una marcada reducci\u00f3n de los m\u00e1rgenes de ganancia. El informe de <b>ENAC<\/b> interpreta este ajuste de precios como un \u00abancla para la inflaci\u00f3n, producto de una demanda que no levanta\u00bb, evidenciando la dificultad de las pymes para operar en un contexto de retracci\u00f3n del consumo.<\/p>\n<h3>Rentabilidad en picada y despidos en aumento<\/h3>\n<p>La contracci\u00f3n de los m\u00e1rgenes de ganancia ha tenido un impacto directo en la rentabilidad de las peque\u00f1as y medianas empresas. Durante el segundo trimestre del a\u00f1o, apenas un <b>28,3%<\/b> de las pymes encuestadas registr\u00f3 rentabilidad positiva. Las ganancias cayeron un <b>3%<\/b> con respecto al per\u00edodo enero-marzo y un preocupante <b>18%<\/b> en relaci\u00f3n con el \u00faltimo trimestre de 2023. M\u00e1s de la mitad de las empresas (66%) afirm\u00f3 haber trabajado sin rentabilidad, y m\u00e1s del <b>30%<\/b> confirm\u00f3 haber producido a p\u00e9rdida. Un alarmante <b>7%<\/b> de las firmas reconoci\u00f3 estar en riesgo de cierre.<\/p>\n<p>El mercado laboral pyme tambi\u00e9n se vio fuertemente afectado. El informe revela que el <b>19%<\/b> de las empresas despidi\u00f3 personal, mientras que solo poco menos del <b>15%<\/b> realiz\u00f3 nuevas contrataciones. La perspectiva para el tercer trimestre no es alentadora: el <b>80%<\/b> de las unidades productivas asegur\u00f3 no tener planes de incorporar nuevos trabajadores. Adicionalmente, el 60% de las empresas relevadas tuvo que recurrir a adelantos salariales para sus operarios, una se\u00f1al de la dificultad de los trabajadores para llegar a fin de mes.<\/p>\n<h3>Capacidad ociosa y preocupaci\u00f3n por el futuro<\/h3>\n<p>La baja demanda ha llevado a que las pymes operen con una significativa capacidad ociosa. Si bien el 49% de las empresas lo hizo en condiciones normales (con m\u00e1s del 60% de su capacidad instalada en funcionamiento), el promedio general de utilizaci\u00f3n de m\u00e1quinas y equipos fue del <b>55,5%<\/b>, lo que representa una baja del 2% respecto al primer trimestre. Alarmantemente, un <b>10,2%<\/b> de las firmas relevadas report\u00f3 cifras cr\u00edticas, operando con el 20% o menos de sus instalaciones.<\/p>\n<p>Otro factor preocupante es el aumento en el incumplimiento de pagos. Cuatro de cada diez empresas reportaron un incremento en la mora durante el segundo trimestre, una cifra superior al 33,6% registrado entre enero y marzo.<\/p>\n<p>De cara al futuro, el pesimismo es palpable entre los empresarios. El informe concluye que el <b>73%<\/b> de los encuestados cree que la situaci\u00f3n econ\u00f3mica empeorar\u00e1, mientras que solo un 13,6% de las pymes mantiene la confianza en una mejora. La ca\u00edda del consumo en el mercado interno (observada por casi el 80% de las pymes), la baja rentabilidad (58,6%) y la apertura de importaciones (45%) se perfilan como los principales problemas que aquejan al sector.<\/p>\n","protected":false},"excerpt":{"rendered":"<p>La econom\u00eda argentina, y en particular el sector de las peque\u00f1as y medianas empresas (pymes), atraviesa un momento cr\u00edtico. Un<\/p>\n","protected":false},"author":1,"featured_media":118196,"comment_status":"closed","ping_status":"closed","sticky":false,"template":"","format":"standard","meta":{"kia_subtitle":"Un informe de la ENAC revela que el segundo trimestre de 2024 marc\u00f3 una nueva recesi\u00f3n para el mercado interno y la industria, con un aumento de despidos, baja rentabilidad y una capacidad instalada utilizada por debajo del 54%. El futuro inmediato no luce alentador para las peque\u00f1as y medianas empresas argentinas.","footnotes":"","jetpack_publicize_message":"","jetpack_publicize_feature_enabled":true,"jetpack_social_post_already_shared":true,"jetpack_social_options":{"image_generator_settings":{"template":"highway","default_image_id":0,"font":"","enabled":false},"version":2}},"categories":[3,41],"tags":[],"class_list":["post-118195","post","type-post","status-publish","format-standard","has-post-thumbnail","hentry","category-actualidad","category-nacionales"],"jetpack_publicize_connections":[],"jetpack_featured_media_url":"https:\/\/laurbedigital.com.ar\/noticias\/wp-content\/uploads\/2025\/07\/20260727-pyme.jpg","_links":{"self":[{"href":"https:\/\/laurbedigital.com.ar\/noticias\/wp-json\/wp\/v2\/posts\/118195","targetHints":{"allow":["GET"]}}],"collection":[{"href":"https:\/\/laurbedigital.com.ar\/noticias\/wp-json\/wp\/v2\/posts"}],"about":[{"href":"https:\/\/laurbedigital.com.ar\/noticias\/wp-json\/wp\/v2\/types\/post"}],"author":[{"embeddable":true,"href":"https:\/\/laurbedigital.com.ar\/noticias\/wp-json\/wp\/v2\/users\/1"}],"replies":[{"embeddable":true,"href":"https:\/\/laurbedigital.com.ar\/noticias\/wp-json\/wp\/v2\/comments?post=118195"}],"version-history":[{"count":1,"href":"https:\/\/laurbedigital.com.ar\/noticias\/wp-json\/wp\/v2\/posts\/118195\/revisions"}],"predecessor-version":[{"id":118197,"href":"https:\/\/laurbedigital.com.ar\/noticias\/wp-json\/wp\/v2\/posts\/118195\/revisions\/118197"}],"wp:featuredmedia":[{"embeddable":true,"href":"https:\/\/laurbedigital.com.ar\/noticias\/wp-json\/wp\/v2\/media\/118196"}],"wp:attachment":[{"href":"https:\/\/laurbedigital.com.ar\/noticias\/wp-json\/wp\/v2\/media?parent=118195"}],"wp:term":[{"taxonomy":"category","embeddable":true,"href":"https:\/\/laurbedigital.com.ar\/noticias\/wp-json\/wp\/v2\/categories?post=118195"},{"taxonomy":"post_tag","embeddable":true,"href":"https:\/\/laurbedigital.com.ar\/noticias\/wp-json\/wp\/v2\/tags?post=118195"}],"curies":[{"name":"wp","href":"https:\/\/api.w.org\/{rel}","templated":true}]}}