{"id":118192,"date":"2025-07-27T02:57:44","date_gmt":"2025-07-27T05:57:44","guid":{"rendered":"https:\/\/laurbedigital.com.ar\/noticias\/?p=118192"},"modified":"2025-07-27T02:57:44","modified_gmt":"2025-07-27T05:57:44","slug":"rechazo-masivo-al-ajuste-de-milei-en-jubilaciones-universidades-y-obra-publica","status":"publish","type":"post","link":"https:\/\/laurbedigital.com.ar\/noticias\/2025\/07\/27\/rechazo-masivo-al-ajuste-de-milei-en-jubilaciones-universidades-y-obra-publica\/","title":{"rendered":"Rechazo masivo al ajuste de Milei en jubilaciones, universidades y obra p\u00fablica"},"content":{"rendered":"<p>El gobierno de Javier Milei enfrenta un creciente descontento popular ante su estrategia de ajuste econ\u00f3mico, que impacta directamente en pilares fundamentales del bienestar social. Una encuesta reciente de la Universidad de San Andr\u00e9s (UdeSA) saca a la luz la profunda brecha entre las pol\u00edticas impulsadas por el oficialismo y la opini\u00f3n mayoritaria de la ciudadan\u00eda argentina. Los datos del estudio demuestran un amplio rechazo a las medidas de desfinanciamiento en \u00e1reas sensibles, generando un escenario de tensi\u00f3n social y pol\u00edtica.<\/p>\n<h3>Jubilaciones: fuerte respaldo a la actualizaci\u00f3n y rechazo al veto presidencial<\/h3>\n<p>Uno de los puntos m\u00e1s cr\u00edticos de la encuesta se centra en la situaci\u00f3n de los jubilados. Un contundente 85% de los consultados manifest\u00f3 su acuerdo con la actualizaci\u00f3n del valor de las jubilaciones, respaldando la ley aprobada por el Congreso que eleva el bono previsional a $110.000 y fija la jubilaci\u00f3n m\u00ednima en $331.000. Este apoyo masivo contrasta con la postura del Ejecutivo, que ya adelant\u00f3 su intenci\u00f3n de vetar la normativa para mantener el super\u00e1vit fiscal. La sociedad, sin embargo, se opone de forma contundente a esta medida, con solo un 7% de apoyo a la pol\u00edtica de desfinanciamiento previsional.<\/p>\n<p>La relevancia de este dato se amplifica en un contexto de movilizaciones. Recientemente, miles de jubilados se manifestaron en la Plaza de Mayo para exigir el cumplimiento de la ley, el cese del protocolo antipiquetes y la restituci\u00f3n de los medicamentos del PAMI, denunciando una situaci\u00f3n cr\u00edtica que afecta directamente la vida de los adultos mayores.<\/p>\n<h3>Obra p\u00fablica y di\u00e1logo federal: el clamor por la reactivaci\u00f3n y la negociaci\u00f3n<\/h3>\n<p>La encuesta tambi\u00e9n arroja luz sobre otras \u00e1reas de fuerte desaprobaci\u00f3n. Un 78% de los argentinos considera que el Gobierno debe negociar con los gobernadores para garantizar la coparticipaci\u00f3n. A pesar de la insistencia del presidente Milei en una gesti\u00f3n sin di\u00e1logo federal, concentrando recursos y recortando transferencias a las provincias, la ciudadan\u00eda demanda activamente acuerdos que permitan sostener servicios esenciales, infraestructura y salarios a nivel provincial.<\/p>\n<p>En esta misma l\u00ednea, un 75% de la poblaci\u00f3n se pronunci\u00f3 a favor de reactivar la obra p\u00fablica. Desde el inicio de la actual administraci\u00f3n, miles de proyectos de infraestructura han sido paralizados bajo el argumento de eliminar el \u00abgasto pol\u00edtico\u00bb. No obstante, sectores clave de la econom\u00eda y la sociedad civil, incluyendo el llamado \u00abC\u00edrculo Rojo\u00bb, exigen al Ejecutivo una pol\u00edtica activa de inversi\u00f3n en infraestructura para evitar un freno en el desarrollo productivo del pa\u00eds.<\/p>\n<h3>Educaci\u00f3n universitaria: un\u00e1nime defensa del presupuesto y financiamiento<\/h3>\n<p>El respaldo ciudadano se extiende con firmeza al sistema universitario p\u00fablico. Un significativo 76% de los encuestados considera indispensable la actualizaci\u00f3n del presupuesto educativo. Las universidades p\u00fablicas argentinas atraviesan una de las crisis financieras m\u00e1s profundas de las \u00faltimas dos d\u00e9cadas, con un financiamiento hist\u00f3ricamente bajo, salarios docentes con una p\u00e9rdida del poder adquisitivo del 80% y un riesgo real de par\u00e1lisis operativa antes de fin de a\u00f1o. En este escenario cr\u00edtico, m\u00e1s de un mill\u00f3n de personas han respaldado la aprobaci\u00f3n de la Ley de Financiamiento Universitario, cuya discusi\u00f3n est\u00e1 pr\u00f3xima a iniciar en el Congreso.<\/p>\n<h3>Desconexi\u00f3n entre agenda oficial y prioridades ciudadanas<\/h3>\n<p>El sondeo de UdeSA revela una notoria desconexi\u00f3n entre la agenda gubernamental y las prioridades de la ciudadan\u00eda. M\u00e1s all\u00e1 de los temas mencionados, el 70% de los encuestados rechaza el recorte de subsidios energ\u00e9ticos, el 76% se opone a la suba de tarifas y un 66% est\u00e1 en contra de los despidos en el sector estatal. Incluso el acuerdo con el Fondo Monetario Internacional (FMI) genera divisi\u00f3n, con solo el 44% de apoyo frente a un 36% de rechazo.<\/p>\n<p>En s\u00edntesis, la encuesta expone de manera inequ\u00edvoca que la pol\u00edtica de \u00abajuste motosierra\u00bb impulsada por el gobierno de Javier Milei no solo genera resistencia activa en las calles, sino tambi\u00e9n un profundo y masivo rechazo \u00absilencioso\u00bb entre la mayor\u00eda de la sociedad argentina. El mensaje es contundente: la poblaci\u00f3n no avala el ataque a los jubilados, el desfinanciamiento de las universidades ni la paralizaci\u00f3n de la obra p\u00fablica, y exige al Gobierno una gesti\u00f3n que responda a las necesidades y demandas de la gente.<\/p>\n<p><img loading=\"lazy\" decoding=\"async\" class=\"alignnone size-full wp-image-118193\" src=\"https:\/\/laurbedigital.com.ar\/noticias\/wp-content\/uploads\/2025\/07\/20260727-Encuesta.jpg\" alt=\"\" width=\"768\" height=\"428\" title=\"\"><\/p>\n","protected":false},"excerpt":{"rendered":"<p>El gobierno de Javier Milei enfrenta un creciente descontento popular ante su estrategia de ajuste econ\u00f3mico, que impacta directamente en<\/p>\n","protected":false},"author":1,"featured_media":114548,"comment_status":"closed","ping_status":"closed","sticky":false,"template":"","format":"standard","meta":{"kia_subtitle":"Una reciente encuesta de la Universidad de San Andr\u00e9s revela una fuerte desaprobaci\u00f3n social a las pol\u00edticas de recorte del gobierno de Javier Milei, especialmente en \u00e1reas clave como jubilaciones, educaci\u00f3n y obra p\u00fablica, marcando una clara desconexi\u00f3n entre la agenda oficial y las prioridades ciudadanas.","footnotes":"","jetpack_publicize_message":"","jetpack_publicize_feature_enabled":true,"jetpack_social_post_already_shared":true,"jetpack_social_options":{"image_generator_settings":{"template":"highway","default_image_id":0,"font":"","enabled":false},"version":2}},"categories":[3,41],"tags":[],"class_list":["post-118192","post","type-post","status-publish","format-standard","has-post-thumbnail","hentry","category-actualidad","category-nacionales"],"jetpack_publicize_connections":[],"jetpack_featured_media_url":"https:\/\/laurbedigital.com.ar\/noticias\/wp-content\/uploads\/2025\/03\/20250325-Milei.jpg","_links":{"self":[{"href":"https:\/\/laurbedigital.com.ar\/noticias\/wp-json\/wp\/v2\/posts\/118192","targetHints":{"allow":["GET"]}}],"collection":[{"href":"https:\/\/laurbedigital.com.ar\/noticias\/wp-json\/wp\/v2\/posts"}],"about":[{"href":"https:\/\/laurbedigital.com.ar\/noticias\/wp-json\/wp\/v2\/types\/post"}],"author":[{"embeddable":true,"href":"https:\/\/laurbedigital.com.ar\/noticias\/wp-json\/wp\/v2\/users\/1"}],"replies":[{"embeddable":true,"href":"https:\/\/laurbedigital.com.ar\/noticias\/wp-json\/wp\/v2\/comments?post=118192"}],"version-history":[{"count":1,"href":"https:\/\/laurbedigital.com.ar\/noticias\/wp-json\/wp\/v2\/posts\/118192\/revisions"}],"predecessor-version":[{"id":118194,"href":"https:\/\/laurbedigital.com.ar\/noticias\/wp-json\/wp\/v2\/posts\/118192\/revisions\/118194"}],"wp:featuredmedia":[{"embeddable":true,"href":"https:\/\/laurbedigital.com.ar\/noticias\/wp-json\/wp\/v2\/media\/114548"}],"wp:attachment":[{"href":"https:\/\/laurbedigital.com.ar\/noticias\/wp-json\/wp\/v2\/media?parent=118192"}],"wp:term":[{"taxonomy":"category","embeddable":true,"href":"https:\/\/laurbedigital.com.ar\/noticias\/wp-json\/wp\/v2\/categories?post=118192"},{"taxonomy":"post_tag","embeddable":true,"href":"https:\/\/laurbedigital.com.ar\/noticias\/wp-json\/wp\/v2\/tags?post=118192"}],"curies":[{"name":"wp","href":"https:\/\/api.w.org\/{rel}","templated":true}]}}