{"id":118184,"date":"2025-07-26T12:08:52","date_gmt":"2025-07-26T15:08:52","guid":{"rendered":"https:\/\/laurbedigital.com.ar\/noticias\/?p=118184"},"modified":"2025-07-26T12:08:52","modified_gmt":"2025-07-26T15:08:52","slug":"alte-brown-presento-el-espacio-logos-para-disfrutar-en-vacaciones-de-invierno","status":"publish","type":"post","link":"https:\/\/laurbedigital.com.ar\/noticias\/2025\/07\/26\/alte-brown-presento-el-espacio-logos-para-disfrutar-en-vacaciones-de-invierno\/","title":{"rendered":"Alte Brown present\u00f3 el \u00abEspacio Logos\u00bb para disfrutar en vacaciones de invierno"},"content":{"rendered":"<p>De lunes a viernes, de 9 a 17 horas, las y los visitantes podr\u00e1n participar de juegos construidos artesanalmente con materiales reciclados, pensados para fortalecer v\u00ednculos, estimular la imaginaci\u00f3n y reflexionar sobre el cuidado del ambiente desde lo cotidiano.<\/p>\n<p>La propuesta incluye una chocolatada y actividades l\u00fadicas que promueven el aprendizaje, la creatividad y el compartir en familia, en un entorno que combina lo educativo con lo recreativo.<\/p>\n<p><img loading=\"lazy\" decoding=\"async\" class=\"alignnone size-full wp-image-118186\" src=\"https:\/\/laurbedigital.com.ar\/noticias\/wp-content\/uploads\/2025\/07\/20260726-Almirante-Brown-Espacio-Logos-1.jpg\" alt=\"\" width=\"768\" height=\"428\" title=\"\"><\/p>\n<h5><strong><em>\u201cEn el marco de todas las propuestas y actividades por las vacaciones de invierno, seguimos sumando iniciativas para todas las edades\u201d, remarc\u00f3 el intendente Mariano Cascallares.<\/em><\/strong><\/h5>\n<p><img loading=\"lazy\" decoding=\"async\" class=\"alignnone size-full wp-image-118187\" src=\"https:\/\/laurbedigital.com.ar\/noticias\/wp-content\/uploads\/2025\/07\/20260726-Almirante-Brown-Espacio-Logos-2.jpg\" alt=\"\" width=\"768\" height=\"428\" title=\"\"><\/p>\n<p>LOGOS es el Laboratorio para Orientar y Generar Oportunidades y Saberes de la Secretar\u00eda de Educaci\u00f3n, Ciencia y Tecnolog\u00eda de Almirante Brown, un \u00e1mbito que vincula el juego con la construcci\u00f3n de saberes, ubicado en la planta baja de la Casa de la Cultura, Esteban Adrogu\u00e9 N\u00b0 1224.<\/p>\n","protected":false},"excerpt":{"rendered":"<p>De lunes a viernes, de 9 a 17 horas, las y los visitantes podr\u00e1n participar de juegos construidos artesanalmente con<\/p>\n","protected":false},"author":1,"featured_media":118185,"comment_status":"closed","ping_status":"closed","sticky":false,"template":"","format":"standard","meta":{"kia_subtitle":"Durante el presente receso invernal, el Municipio de Almirante Brown invita a disfrutar de propuestas gratuitas para toda la familia en el Espacio LOGOS, ubicado en la Casa de la Cultura de Adrogu\u00e9.","footnotes":"","jetpack_publicize_message":"","jetpack_publicize_feature_enabled":true,"jetpack_social_post_already_shared":true,"jetpack_social_options":{"image_generator_settings":{"template":"highway","default_image_id":0,"font":"","enabled":false},"version":2}},"categories":[2,51,33],"tags":[],"class_list":["post-118184","post","type-post","status-publish","format-standard","has-post-thumbnail","hentry","category-alte-brown","category-adrogue","category-alte-brown-alte-brown"],"jetpack_publicize_connections":[],"jetpack_featured_media_url":"https:\/\/laurbedigital.com.ar\/noticias\/wp-content\/uploads\/2025\/07\/20260726-Almirante-Brown-Espacio-Logos.jpg","_links":{"self":[{"href":"https:\/\/laurbedigital.com.ar\/noticias\/wp-json\/wp\/v2\/posts\/118184","targetHints":{"allow":["GET"]}}],"collection":[{"href":"https:\/\/laurbedigital.com.ar\/noticias\/wp-json\/wp\/v2\/posts"}],"about":[{"href":"https:\/\/laurbedigital.com.ar\/noticias\/wp-json\/wp\/v2\/types\/post"}],"author":[{"embeddable":true,"href":"https:\/\/laurbedigital.com.ar\/noticias\/wp-json\/wp\/v2\/users\/1"}],"replies":[{"embeddable":true,"href":"https:\/\/laurbedigital.com.ar\/noticias\/wp-json\/wp\/v2\/comments?post=118184"}],"version-history":[{"count":1,"href":"https:\/\/laurbedigital.com.ar\/noticias\/wp-json\/wp\/v2\/posts\/118184\/revisions"}],"predecessor-version":[{"id":118188,"href":"https:\/\/laurbedigital.com.ar\/noticias\/wp-json\/wp\/v2\/posts\/118184\/revisions\/118188"}],"wp:featuredmedia":[{"embeddable":true,"href":"https:\/\/laurbedigital.com.ar\/noticias\/wp-json\/wp\/v2\/media\/118185"}],"wp:attachment":[{"href":"https:\/\/laurbedigital.com.ar\/noticias\/wp-json\/wp\/v2\/media?parent=118184"}],"wp:term":[{"taxonomy":"category","embeddable":true,"href":"https:\/\/laurbedigital.com.ar\/noticias\/wp-json\/wp\/v2\/categories?post=118184"},{"taxonomy":"post_tag","embeddable":true,"href":"https:\/\/laurbedigital.com.ar\/noticias\/wp-json\/wp\/v2\/tags?post=118184"}],"curies":[{"name":"wp","href":"https:\/\/api.w.org\/{rel}","templated":true}]}}