{"id":118168,"date":"2025-07-26T02:57:05","date_gmt":"2025-07-26T05:57:05","guid":{"rendered":"https:\/\/laurbedigital.com.ar\/noticias\/?p=118168"},"modified":"2025-07-26T03:21:39","modified_gmt":"2025-07-26T06:21:39","slug":"desaparicion-de-lian-flores-cinco-meses-de-incertidumbre-y-sin-pistas-claras","status":"publish","type":"post","link":"https:\/\/laurbedigital.com.ar\/noticias\/2025\/07\/26\/desaparicion-de-lian-flores-cinco-meses-de-incertidumbre-y-sin-pistas-claras\/","title":{"rendered":"Desaparici\u00f3n de Lian Flores: cinco meses de incertidumbre y sin pistas claras"},"content":{"rendered":"<p>El caso de <b>Lian Flores<\/b>, el ni\u00f1o de tres a\u00f1os cuyo paradero se desconoce desde el pasado 22 de febrero en la localidad de Ballesteros Sud, provincia de C\u00f3rdoba, contin\u00faa sumido en la incertidumbre. A punto de cumplirse cinco meses de su desaparici\u00f3n, la investigaci\u00f3n judicial no ha logrado avances sustanciales, dejando a su familia en una angustiosa espera sin respuestas.<\/p>\n<p>Seg\u00fan confirm\u00f3 a <i>Agencia Noticias Argentinas<\/i> el abogado de la familia, <b>Dar\u00edo Baggini<\/b>, la causa \u00abest\u00e1 bastante parada\u00bb y, lo m\u00e1s preocupante, <b>no hay sospechosos identificados<\/b> hasta el momento. Esta ausencia de pistas firmes complejiza enormemente la tarea de los investigadores y mantiene el misterio sobre lo ocurrido con el peque\u00f1o.<\/p>\n<h3>Un clamor por respuestas: la desesperaci\u00f3n de una familia<\/h3>\n<p>Pese al estancamiento, Baggini asegur\u00f3 con firmeza que \u00abno bajaremos los brazos\u00bb. El letrado explic\u00f3 que, en un intento por reactivar la b\u00fasqueda y la investigaci\u00f3n, contin\u00faan solicitando diversas pruebas y medidas judiciales. Sin embargo, la falta de resultados concretos genera una creciente desesperaci\u00f3n en el entorno de Lian.<\/p>\n<p>Sobre el estado emocional de los padres del ni\u00f1o, el abogado fue contundente: \u00abEst\u00e1n desesperados. Siguen pidiendo que se encuentre al ni\u00f1o d\u00eda a d\u00eda\u00bb. La familia, aferrada a la esperanza, vive bajo la constante presi\u00f3n de una investigaci\u00f3n que, hasta ahora, no ha ofrecido ninguna certeza sobre el destino de su hijo. La respuesta de Baggini ante la pregunta sobre la existencia de sospechosos fue tajante: \u00abNo, ninguno\u00bb, lo que refuerza el urgente reclamo por una mayor asignaci\u00f3n de recursos y esfuerzos en la causa.<\/p>\n<h3>El enigma de la desaparici\u00f3n<\/h3>\n<p>La desaparici\u00f3n de Lian ha generado una intensa movilizaci\u00f3n en la comunidad de Ballesteros Sud y en toda la provincia de C\u00f3rdoba. A pesar de los operativos de b\u00fasqueda iniciales que involucraron a autoridades, familiares y vecinos, <b>no existen testigos presenciales<\/b> ni indicios claros que permitan reconstruir los hechos del d\u00eda en que se le perdi\u00f3 el rastro. Esta carencia de elementos clave es el principal obst\u00e1culo para las tareas investigativas.<\/p>\n<p>La Justicia abri\u00f3 una causa para esclarecer el episodio, pero el tiempo transcurre sin que se logren avances concretos. <b>No hay personas imputadas ni detenidas<\/b>, y las autoridades no han difundido l\u00edneas firmes de investigaci\u00f3n que puedan arrojar luz sobre el caso.<\/p>\n<p>A pesar de los cinco meses transcurridos y la frustraci\u00f3n que implica la falta de novedades, los padres de Lian mantienen su reclamo p\u00fablico y renuevan su pedido desesperado para que la comunidad y las autoridades judiciales colaboren activamente en el esclarecimiento del caso y, finalmente, su hijo sea encontrado.<\/p>\n<p>La pregunta \u00ab\u00bfD\u00f3nde est\u00e1 Lian?\u00bb resuena con m\u00e1s fuerza cada d\u00eda que pasa sin una respuesta.<\/p>\n","protected":false},"excerpt":{"rendered":"<p>El caso de Lian Flores, el ni\u00f1o de tres a\u00f1os cuyo paradero se desconoce desde el pasado 22 de febrero<\/p>\n","protected":false},"author":1,"featured_media":115402,"comment_status":"closed","ping_status":"closed","sticky":false,"template":"","format":"standard","meta":{"kia_subtitle":"A casi cinco meses de la misteriosa desaparici\u00f3n de Lian Flores, un ni\u00f1o de tres a\u00f1os en C\u00f3rdoba, la causa judicial se encuentra estancada, sin sospechosos ni avances significativos. La familia y su abogado claman por m\u00e1s recursos para reactivar la b\u00fasqueda del peque\u00f1o.","footnotes":"","jetpack_publicize_message":"","jetpack_publicize_feature_enabled":true,"jetpack_social_post_already_shared":true,"jetpack_social_options":{"image_generator_settings":{"template":"highway","default_image_id":0,"font":"","enabled":false},"version":2}},"categories":[8],"tags":[],"class_list":["post-118168","post","type-post","status-publish","format-standard","has-post-thumbnail","hentry","category-policiales"],"jetpack_publicize_connections":[],"jetpack_featured_media_url":"https:\/\/laurbedigital.com.ar\/noticias\/wp-content\/uploads\/2025\/04\/20250424-Lian.jpg","_links":{"self":[{"href":"https:\/\/laurbedigital.com.ar\/noticias\/wp-json\/wp\/v2\/posts\/118168","targetHints":{"allow":["GET"]}}],"collection":[{"href":"https:\/\/laurbedigital.com.ar\/noticias\/wp-json\/wp\/v2\/posts"}],"about":[{"href":"https:\/\/laurbedigital.com.ar\/noticias\/wp-json\/wp\/v2\/types\/post"}],"author":[{"embeddable":true,"href":"https:\/\/laurbedigital.com.ar\/noticias\/wp-json\/wp\/v2\/users\/1"}],"replies":[{"embeddable":true,"href":"https:\/\/laurbedigital.com.ar\/noticias\/wp-json\/wp\/v2\/comments?post=118168"}],"version-history":[{"count":1,"href":"https:\/\/laurbedigital.com.ar\/noticias\/wp-json\/wp\/v2\/posts\/118168\/revisions"}],"predecessor-version":[{"id":118169,"href":"https:\/\/laurbedigital.com.ar\/noticias\/wp-json\/wp\/v2\/posts\/118168\/revisions\/118169"}],"wp:featuredmedia":[{"embeddable":true,"href":"https:\/\/laurbedigital.com.ar\/noticias\/wp-json\/wp\/v2\/media\/115402"}],"wp:attachment":[{"href":"https:\/\/laurbedigital.com.ar\/noticias\/wp-json\/wp\/v2\/media?parent=118168"}],"wp:term":[{"taxonomy":"category","embeddable":true,"href":"https:\/\/laurbedigital.com.ar\/noticias\/wp-json\/wp\/v2\/categories?post=118168"},{"taxonomy":"post_tag","embeddable":true,"href":"https:\/\/laurbedigital.com.ar\/noticias\/wp-json\/wp\/v2\/tags?post=118168"}],"curies":[{"name":"wp","href":"https:\/\/api.w.org\/{rel}","templated":true}]}}