{"id":118161,"date":"2025-07-26T02:49:49","date_gmt":"2025-07-26T05:49:49","guid":{"rendered":"https:\/\/laurbedigital.com.ar\/noticias\/?p=118161"},"modified":"2025-07-26T02:49:49","modified_gmt":"2025-07-26T05:49:49","slug":"eva-duarte-un-legado-de-justicia-social-y-derechos-de-la-mujer-2","status":"publish","type":"post","link":"https:\/\/laurbedigital.com.ar\/noticias\/2025\/07\/26\/eva-duarte-un-legado-de-justicia-social-y-derechos-de-la-mujer-2\/","title":{"rendered":"Eva Duarte: Un Legado de Justicia Social y Derechos de la Mujer"},"content":{"rendered":"<p>La historia argentina est\u00e1 marcada por personajes que, con su lucha y compromiso, transformaron el tejido social y pol\u00edtico del pa\u00eds. Entre ellos, destaca Mar\u00eda Eva Duarte, m\u00e1s conocida como Eva Per\u00f3n o simplemente \u00abEvita\u00bb. Nacida el 7 de mayo de 1919 en Los Toldos, Eva se convirti\u00f3 en una figura central del movimiento peronista y en un \u00edcono de la justicia social. Su fallecimiento el 26 de julio de 1952 a causa de un c\u00e1ncer, dej\u00f3 un vac\u00edo profundo, pero tambi\u00e9n un legado que sigue vigente hasta hoy.<\/p>\n<p>Eva Duarte naci\u00f3 en un hogar humilde en la provincia de Buenos Aires, siendo la menor de cinco hermanos. Desde joven, Eva so\u00f1\u00f3 con escapar de la pobreza y encontrar su lugar en la gran ciudad. En 1935, con apenas 15 a\u00f1os, se traslad\u00f3 a Buenos Aires para perseguir una carrera como actriz. Su talento y determinaci\u00f3n la llevaron a obtener papeles en radio, cine y teatro, logrando una cierta notoriedad en la escena art\u00edstica.<\/p>\n<p>El destino de Eva cambi\u00f3 dr\u00e1sticamente cuando conoci\u00f3 al entonces coronel Juan Domingo Per\u00f3n en un evento ben\u00e9fico en 1944. La conexi\u00f3n fue inmediata y, al a\u00f1o siguiente, contrajeron matrimonio. Cuando Per\u00f3n fue elegido presidente en 1946, Eva se convirti\u00f3 en la Primera Dama de Argentina, utilizando su posici\u00f3n para impulsar una serie de reformas sociales que beneficiar\u00edan a los sectores m\u00e1s desfavorecidos de la sociedad.<\/p>\n<h3><strong>Trabajo Social<\/strong><\/h3>\n<p>Una de las contribuciones m\u00e1s destacadas de Eva Per\u00f3n fue su trabajo a trav\u00e9s de la Fundaci\u00f3n Eva Per\u00f3n, creada en 1948. La fundaci\u00f3n implement\u00f3 una amplia gama de programas de asistencia social, incluyendo la construcci\u00f3n de hospitales, escuelas, viviendas y hogares para ancianos. Tambi\u00e9n se dedic\u00f3 a distribuir alimentos, ropa y otros bienes esenciales a los m\u00e1s necesitados.<\/p>\n<p>Eva era conocida por su cercan\u00eda con el pueblo. Visitaba barrios humildes y atend\u00eda personalmente a quienes acud\u00edan a la Fundaci\u00f3n en busca de ayuda. Esta conexi\u00f3n directa con la gente la convirti\u00f3 en una figura amada por muchos, que la ve\u00edan como una defensora de los despose\u00eddos.<\/p>\n<h3><strong>Derechos de la Mujer<\/strong><\/h3>\n<p>Adem\u00e1s de su trabajo social, Eva Per\u00f3n jug\u00f3 un papel crucial en la promoci\u00f3n de los derechos de la mujer en Argentina. En 1947, fue una de las principales impulsoras de la ley que otorg\u00f3 el derecho al voto a las mujeres, logrando que Argentina se sumara a la lista de pa\u00edses que reconoc\u00edan este derecho fundamental. Eva no solo luch\u00f3 por la igualdad de g\u00e9nero en el \u00e1mbito electoral, sino que tambi\u00e9n promovi\u00f3 la participaci\u00f3n activa de las mujeres en la vida pol\u00edtica a trav\u00e9s del Partido Peronista Femenino.<\/p>\n<h3><strong>El Mito de Evita<\/strong><\/h3>\n<p>La figura de Eva Per\u00f3n se convirti\u00f3 en un mito incluso antes de su muerte. Su carisma, su dedicaci\u00f3n a las causas sociales y su capacidad para movilizar masas la hicieron un personaje casi legendario. Sin embargo, su vida fue truncada prematuramente. En 1950, Eva fue diagnosticada con c\u00e1ncer de \u00fatero. A pesar de los tratamientos, su salud se deterior\u00f3 r\u00e1pidamente. El 26 de julio de 1952, a las 20:25 horas, Eva Per\u00f3n falleci\u00f3 en la Residencia Presidencial.<\/p>\n<p>Su muerte gener\u00f3 un profundo dolor en la sociedad argentina. Miles de personas asistieron a su velorio en la Secretar\u00eda de Trabajo y Previsi\u00f3n, y su cuerpo fue embalsamado y expuesto al p\u00fablico durante 16 d\u00edas. Eva fue sepultada en el Cementerio de la Recoleta, donde su tumba se convirti\u00f3 en un lugar de peregrinaci\u00f3n para sus seguidores.<\/p>\n<p>Hoy, a m\u00e1s de 70 a\u00f1os de su fallecimiento, el legado de Eva Per\u00f3n sigue vivo. Su lucha por los derechos de los m\u00e1s vulnerables y su incansable trabajo por la igualdad de g\u00e9nero la han convertido en un s\u00edmbolo de justicia social y empoderamiento femenino. Eva Duarte de Per\u00f3n no solo marc\u00f3 una \u00e9poca, sino que dej\u00f3 una herencia de esperanza y compromiso con los valores que ella defendi\u00f3 hasta el final de sus d\u00edas. En cada rinc\u00f3n de Argentina, su nombre evoca la memoria de una mujer que, con pasi\u00f3n y determinaci\u00f3n, cambi\u00f3 la historia para siempre.<\/p>\n","protected":false},"excerpt":{"rendered":"<p>La historia argentina est\u00e1 marcada por personajes que, con su lucha y compromiso, transformaron el tejido social y pol\u00edtico del<\/p>\n","protected":false},"author":1,"featured_media":79776,"comment_status":"closed","ping_status":"closed","sticky":false,"template":"","format":"standard","meta":{"kia_subtitle":"Un 26 de julio de 1952, Argentina perdi\u00f3 a una de sus figuras m\u00e1s emblem\u00e1ticas, Mar\u00eda Eva Duarte de Per\u00f3n. A sus 33 a\u00f1os, \"Evita\" dej\u00f3 una huella imborrable en la historia del pa\u00eds y en la lucha por los derechos sociales y de las mujeres.","footnotes":"","jetpack_publicize_message":"","jetpack_publicize_feature_enabled":true,"jetpack_social_post_already_shared":true,"jetpack_social_options":{"image_generator_settings":{"template":"highway","default_image_id":0,"font":"","enabled":false},"version":2}},"categories":[5,2594],"tags":[],"class_list":["post-118161","post","type-post","status-publish","format-standard","has-post-thumbnail","hentry","category-cultura","category-efemerides"],"jetpack_publicize_connections":[],"jetpack_featured_media_url":"https:\/\/laurbedigital.com.ar\/noticias\/wp-content\/uploads\/2022\/07\/20220726-Evita.jpg","_links":{"self":[{"href":"https:\/\/laurbedigital.com.ar\/noticias\/wp-json\/wp\/v2\/posts\/118161","targetHints":{"allow":["GET"]}}],"collection":[{"href":"https:\/\/laurbedigital.com.ar\/noticias\/wp-json\/wp\/v2\/posts"}],"about":[{"href":"https:\/\/laurbedigital.com.ar\/noticias\/wp-json\/wp\/v2\/types\/post"}],"author":[{"embeddable":true,"href":"https:\/\/laurbedigital.com.ar\/noticias\/wp-json\/wp\/v2\/users\/1"}],"replies":[{"embeddable":true,"href":"https:\/\/laurbedigital.com.ar\/noticias\/wp-json\/wp\/v2\/comments?post=118161"}],"version-history":[{"count":1,"href":"https:\/\/laurbedigital.com.ar\/noticias\/wp-json\/wp\/v2\/posts\/118161\/revisions"}],"predecessor-version":[{"id":118162,"href":"https:\/\/laurbedigital.com.ar\/noticias\/wp-json\/wp\/v2\/posts\/118161\/revisions\/118162"}],"wp:featuredmedia":[{"embeddable":true,"href":"https:\/\/laurbedigital.com.ar\/noticias\/wp-json\/wp\/v2\/media\/79776"}],"wp:attachment":[{"href":"https:\/\/laurbedigital.com.ar\/noticias\/wp-json\/wp\/v2\/media?parent=118161"}],"wp:term":[{"taxonomy":"category","embeddable":true,"href":"https:\/\/laurbedigital.com.ar\/noticias\/wp-json\/wp\/v2\/categories?post=118161"},{"taxonomy":"post_tag","embeddable":true,"href":"https:\/\/laurbedigital.com.ar\/noticias\/wp-json\/wp\/v2\/tags?post=118161"}],"curies":[{"name":"wp","href":"https:\/\/api.w.org\/{rel}","templated":true}]}}