{"id":118143,"date":"2025-07-25T03:26:16","date_gmt":"2025-07-25T06:26:16","guid":{"rendered":"https:\/\/laurbedigital.com.ar\/noticias\/?p=118143"},"modified":"2025-07-25T03:26:16","modified_gmt":"2025-07-25T06:26:16","slug":"preocupante-escalada-mas-de-100-crimenes-de-odio-contra-la-comunidad-lgbt-en-6-meses","status":"publish","type":"post","link":"https:\/\/laurbedigital.com.ar\/noticias\/2025\/07\/25\/preocupante-escalada-mas-de-100-crimenes-de-odio-contra-la-comunidad-lgbt-en-6-meses\/","title":{"rendered":"Preocupante escalada: m\u00e1s de 100 cr\u00edmenes de odio contra la comunidad LGBT+ en 6 meses"},"content":{"rendered":"<h2>Violencia inusitada: la comunidad LGBT+ bajo ataque en Argentina<\/h2>\n<p>La situaci\u00f3n de la <b>comunidad LGBT+<\/b> en Argentina se ha tornado cr\u00edtica, con un aumento alarmante en los cr\u00edmenes de odio durante los primeros seis meses de 2025. Un informe reciente del Observatorio de Cr\u00edmenes de Odio LGBT+ revela que se cometieron 102 de estos delitos en el primer semestre, una cifra que ya representa el 72% del total registrado en todo el a\u00f1o 2024. Este incremento no solo es sorprendente por su magnitud, sino que, seg\u00fan las organizaciones, es \u00abcoherente con el clima de violencia hacia nuestra comunidad promovida por el mismo gobierno nacional\u00bb.<\/p>\n<p>El contexto pol\u00edtico actual es se\u00f1alado como un factor clave en esta radicalizaci\u00f3n de la violencia. El informe subraya que el Estado est\u00e1 poniendo en peligro a las diversidades tanto por acci\u00f3n \u2014a trav\u00e9s de la construcci\u00f3n de un \u00abenemigo social\u00bb en discursos oficialistas y recortes a espacios de asistencia\u2014 como por omisi\u00f3n, al negar desigualdades estructurales hist\u00f3ricas de estos colectivos vulnerados. \u00abNo podemos permitir que el odio se convierta en doctrina oficial ni que la violencia se naturalice\u00bb, advirtieron desde el Observatorio.<\/p>\n<h3>Mujeres trans: las principales v\u00edctimas de la violencia m\u00e1s brutal<\/h3>\n<p>Los datos demuestran que la violencia no afecta a todos los miembros de la <b>comunidad LGBT+<\/b> por igual. Del total de v\u00edctimas en el primer semestre de 2025, el 70,6% (72 casos) corresponde a mujeres trans. En segundo lugar, con el 16,7% (17 casos), se encuentran los varones gay cis; seguidos por las lesbianas, con el 6,9% (7 casos); los varones trans, con el 4,9% (5 casos); y, finalmente, una persona no binaria, que representa el 1% del total. En todos estos casos, la orientaci\u00f3n sexual, identidad o expresi\u00f3n de g\u00e9nero fue el pretexto discriminatorio para la vulneraci\u00f3n de sus derechos y la violencia ejercida.<\/p>\n<p>El informe de la FALGBT+ enfatiza que \u00abestos datos confirman, una vez m\u00e1s, que la violencia hacia la comunidad LGBT+ en Argentina est\u00e1 particularmente dirigida: son las mujeres trans quienes concentran la forma m\u00e1s brutal del odio y la discriminaci\u00f3n estructural, expresada en pr\u00e1cticas que contin\u00faan arrebatando sus vidas con una sa\u00f1a alarmante\u00bb. Esta realidad exige una atenci\u00f3n urgente y focalizada en la protecci\u00f3n de uno de los colectivos m\u00e1s vulnerables.<\/p>\n<p>El documento tambi\u00e9n busca dejar en claro que \u00abcuando el discurso oficial demoniza a un grupo hist\u00f3ricamente vulnerado, cuando niega sus derechos y sus existencias, cuando ataca las leyes que lo protegen, se habilita socialmente la violencia\u00bb. Se pone el foco en los cr\u00edmenes de odio como la manifestaci\u00f3n m\u00e1s brutal de una pol\u00edtica de exclusi\u00f3n. La eliminaci\u00f3n de \u00e1reas de pol\u00edticas p\u00fablicas relacionadas con la igualdad y la no discriminaci\u00f3n, como el cierre del INADI y la modificaci\u00f3n de la Ley de Identidad de G\u00e9nero mediante los DNU 61\/2025 y 62\/2025, deja a las v\u00edctimas sin d\u00f3nde recurrir. \u00abCuando la estigmatizaci\u00f3n proviene de la figura presidencial, con tono de doctrina y pretensi\u00f3n de verdad, el efecto sobre nuestras comunidades es letal\u00bb, alertaron.<\/p>\n<h2>La responsabilidad del Estado y las modalidades de agresi\u00f3n<\/h2>\n<p>Sorprendentemente, el informe se\u00f1ala al Estado como responsable directo en una proporci\u00f3n significativa de los casos. Mientras que el 35,3% de los cr\u00edmenes (36 casos) fueron cometidos por particulares, el 64,7% restante (66 casos) tuvo al Estado como actor directo de las violencias. Dentro de este \u00faltimo grupo, es alarmante que en m\u00e1s de la mitad de los casos con autor\u00eda estatal (54 casos, 52,9% del total general), la violencia fue ejecutada por personal de las fuerzas de seguridad en ejercicio de sus funciones, configurando graves situaciones de violencia institucional. Adem\u00e1s, en el 11,8% de los casos (12), la responsabilidad recae en otros dispositivos estatales no policiales, por acci\u00f3n u omisi\u00f3n.<\/p>\n<p>Las modalidades empleadas para ejecutar estos cr\u00edmenes de odio revelan patrones sostenidos de brutalidad. La mayor\u00eda de los ataques que resultaron en muertes fueron a golpes (57,8% de los casos). Le siguen otras formas de agresi\u00f3n directa como pu\u00f1aladas (5,9%), empujones o forcejeos (4,0%), balazos (2,9%), estrangulamiento o asfixia (2,0%), privaci\u00f3n ileg\u00edtima de la libertad (4,0%), uso de fuego o calcinamiento (2,0%) y abuso sexual (1,0%).<\/p>\n<p>La escalada de cr\u00edmenes de odio contra la <b>comunidad LGBT+<\/b> en Argentina es un reflejo de un clima social cada vez m\u00e1s hostil, exacerbado por discursos y pol\u00edticas que desmantelan los marcos de protecci\u00f3n existentes. La ausencia de pol\u00edticas p\u00fablicas contra la discriminaci\u00f3n agrava la situaci\u00f3n, dejando a las v\u00edctimas desprotegidas.<\/p>\n<p>\u00bfQu\u00e9 medidas urgentes deber\u00edan tomarse para revertir esta alarmante tendencia y garantizar la seguridad y los derechos de la comunidad LGBT+ en Argentina?<\/p>\n","protected":false},"excerpt":{"rendered":"<p>Violencia inusitada: la comunidad LGBT+ bajo ataque en Argentina La situaci\u00f3n de la comunidad LGBT+ en Argentina se ha tornado<\/p>\n","protected":false},"author":1,"featured_media":118144,"comment_status":"closed","ping_status":"closed","sticky":false,"template":"","format":"standard","meta":{"kia_subtitle":"La violencia contra la comunidad LGBT+ en Argentina alcanz\u00f3 niveles alarmantes en la primera mitad de 2025, con 102 cr\u00edmenes de odio registrados, cifra que ya representa el 72% del total de 2024. Un informe del Observatorio de Cr\u00edmenes de Odio LGBT+ alerta sobre un clima de violencia promovido desde el Estado, que pone en riesgo a las diversidades y deja a las v\u00edctimas sin pol\u00edticas p\u00fablicas de apoyo.","footnotes":"","jetpack_publicize_message":"","jetpack_publicize_feature_enabled":true,"jetpack_social_post_already_shared":true,"jetpack_social_options":{"image_generator_settings":{"template":"highway","default_image_id":0,"font":"","enabled":false},"version":2}},"categories":[8],"tags":[],"class_list":["post-118143","post","type-post","status-publish","format-standard","has-post-thumbnail","hentry","category-policiales"],"jetpack_publicize_connections":[],"jetpack_featured_media_url":"https:\/\/laurbedigital.com.ar\/noticias\/wp-content\/uploads\/2025\/07\/20260725-lgtb.jpg","_links":{"self":[{"href":"https:\/\/laurbedigital.com.ar\/noticias\/wp-json\/wp\/v2\/posts\/118143","targetHints":{"allow":["GET"]}}],"collection":[{"href":"https:\/\/laurbedigital.com.ar\/noticias\/wp-json\/wp\/v2\/posts"}],"about":[{"href":"https:\/\/laurbedigital.com.ar\/noticias\/wp-json\/wp\/v2\/types\/post"}],"author":[{"embeddable":true,"href":"https:\/\/laurbedigital.com.ar\/noticias\/wp-json\/wp\/v2\/users\/1"}],"replies":[{"embeddable":true,"href":"https:\/\/laurbedigital.com.ar\/noticias\/wp-json\/wp\/v2\/comments?post=118143"}],"version-history":[{"count":1,"href":"https:\/\/laurbedigital.com.ar\/noticias\/wp-json\/wp\/v2\/posts\/118143\/revisions"}],"predecessor-version":[{"id":118145,"href":"https:\/\/laurbedigital.com.ar\/noticias\/wp-json\/wp\/v2\/posts\/118143\/revisions\/118145"}],"wp:featuredmedia":[{"embeddable":true,"href":"https:\/\/laurbedigital.com.ar\/noticias\/wp-json\/wp\/v2\/media\/118144"}],"wp:attachment":[{"href":"https:\/\/laurbedigital.com.ar\/noticias\/wp-json\/wp\/v2\/media?parent=118143"}],"wp:term":[{"taxonomy":"category","embeddable":true,"href":"https:\/\/laurbedigital.com.ar\/noticias\/wp-json\/wp\/v2\/categories?post=118143"},{"taxonomy":"post_tag","embeddable":true,"href":"https:\/\/laurbedigital.com.ar\/noticias\/wp-json\/wp\/v2\/tags?post=118143"}],"curies":[{"name":"wp","href":"https:\/\/api.w.org\/{rel}","templated":true}]}}