{"id":118135,"date":"2025-07-25T03:09:32","date_gmt":"2025-07-25T06:09:32","guid":{"rendered":"https:\/\/laurbedigital.com.ar\/noticias\/?p=118135"},"modified":"2025-07-25T03:10:09","modified_gmt":"2025-07-25T06:10:09","slug":"preocupante-realidad-escolar-63-de-alumnos-argentinos-victimas-de-agresiones","status":"publish","type":"post","link":"https:\/\/laurbedigital.com.ar\/noticias\/2025\/07\/25\/preocupante-realidad-escolar-63-de-alumnos-argentinos-victimas-de-agresiones\/","title":{"rendered":"Preocupante realidad escolar: 63% de alumnos argentinos v\u00edctimas de agresiones"},"content":{"rendered":"<h2 class=\"bot-name gds-title-s ng-tns-c2970403897-32 ng-star-inserted\">Preocupante realidad escolar: 63% de alumnos argentinos v\u00edctimas de agresiones<\/h2>\n<div class=\"response-content ng-tns-c2970403897-32\">\n<div id=\"model-response-message-contentr_4b9eca75f18a67ab\" class=\"markdown markdown-main-panel enable-updated-hr-color\" dir=\"ltr\">\n<p>Un informe de \u00abArgentinos por la Educaci\u00f3n\u00bb revela que el <b>63% de estudiantes<\/b> de sexto grado en Argentina ha sido v\u00edctima de agresiones, f\u00edsicas o verbales. A pesar de que la mayor\u00eda percibe la escuela como un espacio positivo, la discriminaci\u00f3n y los conflictos entre compa\u00f1eros configuran una dura realidad para casi la mitad del alumnado, evidenciando la necesidad de estrategias de gesti\u00f3n emocional m\u00e1s efectivas.<\/p>\n<h2>La convivencia escolar bajo la lupa: un desaf\u00edo latente en las aulas argentinas<\/h2>\n<p>La escuela primaria en Argentina, a pesar de ser percibida mayoritariamente como un espacio de contenci\u00f3n y aprendizaje, esconde una preocupante realidad en cuanto a la convivencia. Un reciente informe de \u00abArgentinos por la Educaci\u00f3n\u00bb, basado en el an\u00e1lisis de las pruebas Aprender 2023 para alumnos de 6\u00ba grado, revela que el <b>63% de estudiantes<\/b> ha sido v\u00edctima de alg\u00fan tipo de agresi\u00f3n, ya sea f\u00edsica o verbal, dentro del \u00e1mbito escolar o incluso a trav\u00e9s de redes sociales. Este alarmante dato se complementa con que casi 4 de cada 10 estudiantes (36%) se sienten discriminados en el ambiente educativo.<\/p>\n<p>El estudio, titulado \u00abDesaf\u00edos de convivencia en la escuela primaria: discriminaci\u00f3n y conflictos entre pares\u00bb, fue elaborado por Mercedes Sidders (Innovations for Poverty Action), Mar\u00eda Sol Alz\u00fa y Leyre S\u00e1enz Guill\u00e9n (Argentinos por la Educaci\u00f3n). Si bien el 99% de los alumnos afirma tener amigos, el 94% se siente c\u00f3modo con el personal docente y no docente, y m\u00e1s del 90% considera que la escuela es un lugar donde se siente bien, contenido y acompa\u00f1ado, la otra cara de la moneda muestra cifras que no pueden ser ignoradas. M\u00e1s de la mitad de los encuestados (56%) manifest\u00f3 haberse sentido excluido al menos una vez, un 40% dijo haberse sentido inc\u00f3modo o fuera de lugar, y un 36% se\u00f1al\u00f3 haberse sentido solo.<\/p>\n<h3>Discriminaci\u00f3n: una sombra persistente en la escuela primaria<\/h3>\n<p>La discriminaci\u00f3n se presenta como un fen\u00f3meno extendido en las escuelas primarias argentinas. El 36% de los <b>estudiantes de sexto grado<\/b> afirma haberla padecido. El informe detalla que \u00ablos motivos de discriminaci\u00f3n m\u00e1s frecuentes son el aspecto f\u00edsico, los gustos e intereses personales y la orientaci\u00f3n sexual o identidad de g\u00e9nero\u00bb. Esta diversidad de razones subraya la complejidad del problema y la necesidad de abordar la discriminaci\u00f3n desde m\u00faltiples frentes, promoviendo la aceptaci\u00f3n y el respeto por las diferencias desde edades tempranas.<\/p>\n<p>La presencia de agresiones entre pares tambi\u00e9n es un punto cr\u00edtico. La mitad de los alumnos (56%) confiesa haber presenciado situaciones de agresi\u00f3n entre compa\u00f1eros durante el \u00faltimo a\u00f1o, y un 34% reconoce haber agredido a alg\u00fan compa\u00f1ero. Al considerar el conjunto de situaciones de violencia, que incluyen mentiras, amenazas, da\u00f1o o robo de pertenencias, adem\u00e1s de las agresiones f\u00edsicas o verbales, la cifra asciende a un 63% de alumnos que reportan haber sido v\u00edctimas. Esto pone de manifiesto que la violencia no se limita solo al contacto f\u00edsico directo, sino que se extiende a diversas formas de maltrato que afectan el bienestar emocional y psicol\u00f3gico de los estudiantes.<\/p>\n<h3>La necesidad urgente de estrategias de gesti\u00f3n emocional<\/h3>\n<p>El estudio tambi\u00e9n hace hincapi\u00e9 en que las estrategias integrales de gesti\u00f3n emocional son \u00abpoco frecuentes\u00bb en el \u00e1mbito escolar. Esta carencia es fundamental, ya que la capacidad de los estudiantes para reconocer, comprender y manejar sus emociones, as\u00ed como para desarrollar empat\u00eda hacia los dem\u00e1s, es crucial para fomentar un ambiente de convivencia saludable y prevenir situaciones de violencia y discriminaci\u00f3n. La implementaci\u00f3n de programas educativos que aborden la inteligencia emocional, la resoluci\u00f3n pac\u00edfica de conflictos y la promoci\u00f3n de valores como el respeto y la tolerancia se vuelve imperativa para transformar la din\u00e1mica de las escuelas.<\/p>\n<p>Los datos presentados por \u00abArgentinos por la Educaci\u00f3n\u00bb son una llamada de atenci\u00f3n para el sistema educativo y la sociedad en general. Si bien la escuela sigue siendo un pilar fundamental en la vida de los ni\u00f1os, es crucial reconocer y abordar los desaf\u00edos de convivencia que la atraviesan. Garantizar un ambiente seguro y respetuoso para todos los estudiantes no solo es una cuesti\u00f3n de bienestar, sino tambi\u00e9n una condici\u00f3n indispensable para el desarrollo integral y el \u00e9xito acad\u00e9mico. La colaboraci\u00f3n entre docentes, familias, alumnos y autoridades educativas es esencial para construir escuelas donde la agresi\u00f3n y la discriminaci\u00f3n sean una excepci\u00f3n, y no una preocupante realidad cotidiana.<\/p>\n<hr \/>\n<p>Este informe nos interpela a reflexionar sobre c\u00f3mo estamos formando a las nuevas generaciones en la convivencia y el respeto. \u00bfQu\u00e9 medidas concretas podr\u00edamos implementar, desde casa y desde la escuela, para revertir estas alarmantes cifras y asegurar un ambiente escolar m\u00e1s seguro y emp\u00e1tico para cada estudiante?<\/p>\n<\/div>\n<\/div>\n","protected":false},"excerpt":{"rendered":"<p>Preocupante realidad escolar: 63% de alumnos argentinos v\u00edctimas de agresiones Un informe de \u00abArgentinos por la Educaci\u00f3n\u00bb revela que el<\/p>\n","protected":false},"author":1,"featured_media":89566,"comment_status":"closed","ping_status":"closed","sticky":false,"template":"","format":"standard","meta":{"kia_subtitle":"Un informe de \"Argentinos por la Educaci\u00f3n\" revela que el 63% de estudiantes de sexto grado en Argentina ha sido v\u00edctima de agresiones, f\u00edsicas o verbales. A pesar de que la mayor\u00eda percibe la escuela como un espacio positivo, la discriminaci\u00f3n y los conflictos entre compa\u00f1eros configuran una dura realidad para casi la mitad del alumnado, evidenciando la necesidad de estrategias de gesti\u00f3n emocional m\u00e1s efectivas.","footnotes":"","jetpack_publicize_message":"","jetpack_publicize_feature_enabled":true,"jetpack_social_post_already_shared":true,"jetpack_social_options":{"image_generator_settings":{"template":"highway","default_image_id":0,"font":"","enabled":false},"version":2}},"categories":[3,41],"tags":[],"class_list":["post-118135","post","type-post","status-publish","format-standard","has-post-thumbnail","hentry","category-actualidad","category-nacionales"],"jetpack_publicize_connections":[],"jetpack_featured_media_url":"https:\/\/laurbedigital.com.ar\/noticias\/wp-content\/uploads\/2023\/03\/20230321-Escuela.jpg","_links":{"self":[{"href":"https:\/\/laurbedigital.com.ar\/noticias\/wp-json\/wp\/v2\/posts\/118135","targetHints":{"allow":["GET"]}}],"collection":[{"href":"https:\/\/laurbedigital.com.ar\/noticias\/wp-json\/wp\/v2\/posts"}],"about":[{"href":"https:\/\/laurbedigital.com.ar\/noticias\/wp-json\/wp\/v2\/types\/post"}],"author":[{"embeddable":true,"href":"https:\/\/laurbedigital.com.ar\/noticias\/wp-json\/wp\/v2\/users\/1"}],"replies":[{"embeddable":true,"href":"https:\/\/laurbedigital.com.ar\/noticias\/wp-json\/wp\/v2\/comments?post=118135"}],"version-history":[{"count":2,"href":"https:\/\/laurbedigital.com.ar\/noticias\/wp-json\/wp\/v2\/posts\/118135\/revisions"}],"predecessor-version":[{"id":118137,"href":"https:\/\/laurbedigital.com.ar\/noticias\/wp-json\/wp\/v2\/posts\/118135\/revisions\/118137"}],"wp:featuredmedia":[{"embeddable":true,"href":"https:\/\/laurbedigital.com.ar\/noticias\/wp-json\/wp\/v2\/media\/89566"}],"wp:attachment":[{"href":"https:\/\/laurbedigital.com.ar\/noticias\/wp-json\/wp\/v2\/media?parent=118135"}],"wp:term":[{"taxonomy":"category","embeddable":true,"href":"https:\/\/laurbedigital.com.ar\/noticias\/wp-json\/wp\/v2\/categories?post=118135"},{"taxonomy":"post_tag","embeddable":true,"href":"https:\/\/laurbedigital.com.ar\/noticias\/wp-json\/wp\/v2\/tags?post=118135"}],"curies":[{"name":"wp","href":"https:\/\/api.w.org\/{rel}","templated":true}]}}