{"id":118130,"date":"2025-07-25T02:32:00","date_gmt":"2025-07-25T05:32:00","guid":{"rendered":"https:\/\/laurbedigital.com.ar\/noticias\/?p=118130"},"modified":"2025-07-25T02:32:00","modified_gmt":"2025-07-25T05:32:00","slug":"dia-mundial-para-la-prevencion-de-los-ahogamientos","status":"publish","type":"post","link":"https:\/\/laurbedigital.com.ar\/noticias\/2025\/07\/25\/dia-mundial-para-la-prevencion-de-los-ahogamientos\/","title":{"rendered":"D\u00eda Mundial para la Prevenci\u00f3n de los Ahogamientos: por qu\u00e9 se celebra cada 25 de julio"},"content":{"rendered":"<div class=\"flex-shrink-0 flex flex-col relative items-end\">\n<div>\n<div class=\"pt-0\">\n<div class=\"gizmo-bot-avatar flex h-8 w-8 items-center justify-center overflow-hidden rounded-full\">Desde el a\u00f1o 2021, el D\u00eda Mundial para la Prevenci\u00f3n de los Ahogamientos se celebra cada 25 de julio, impulsado por la Organizaci\u00f3n Mundial de la Salud (OMS). Esta efem\u00e9ride tiene como objetivo principal sensibilizar a la poblaci\u00f3n global sobre los riesgos de ahogamiento y promover medidas de prevenci\u00f3n para reducir las muertes por esta causa.<\/div>\n<\/div>\n<\/div>\n<\/div>\n<div class=\"group\/conversation-turn relative flex w-full min-w-0 flex-col agent-turn\">\n<div class=\"flex-col gap-1 md:gap-3\">\n<div class=\"flex flex-grow flex-col max-w-full\">\n<div class=\"min-h-[20px] text-message flex w-full flex-col items-end gap-2 whitespace-pre-wrap break-words [.text-message+&amp;]:mt-5 overflow-x-auto\" dir=\"auto\" data-message-author-role=\"assistant\" data-message-id=\"2949a99e-ef8a-463d-ba8c-d1de87376fea\">\n<div class=\"flex w-full flex-col gap-1 empty:hidden first:pt-[3px]\">\n<div class=\"markdown prose w-full break-words dark:prose-invert light\">\n<p>El ahogamiento es una de las principales causas de muerte accidental en el mundo. Seg\u00fan datos de la OMS, m\u00e1s de 236,000 personas mueren anualmente por ahogamiento. Esta cifra subraya la gravedad del problema y la necesidad de implementar estrategias eficaces de prevenci\u00f3n.<\/p>\n<p>El D\u00eda Mundial para la Prevenci\u00f3n de los Ahogamientos fue instaurado en abril de 2021, cuando la Asamblea General de las Naciones Unidas adopt\u00f3 una resoluci\u00f3n que reconoce el ahogamiento como una importante preocupaci\u00f3n p\u00fablica. Esta resoluci\u00f3n insta a los Estados Miembros a desarrollar pol\u00edticas y programas que aborden el problema, as\u00ed como a promover la educaci\u00f3n y la conciencia p\u00fablica.<\/p>\n<p>Entre las medidas recomendadas por la OMS para prevenir los ahogamientos se encuentran la ense\u00f1anza de habilidades de nataci\u00f3n y rescate, la instalaci\u00f3n de barreras que limiten el acceso al agua, la supervisi\u00f3n adecuada de los ni\u00f1os cerca de cuerpos de agua, y la implementaci\u00f3n de sistemas de alerta y rescate en \u00e1reas de riesgo.<\/p>\n<p>En muchos pa\u00edses, la falta de acceso a programas de nataci\u00f3n y a una supervisi\u00f3n adecuada aumenta el riesgo de ahogamiento, especialmente entre los ni\u00f1os. En este contexto, la colaboraci\u00f3n entre gobiernos, organizaciones no gubernamentales, comunidades y el sector privado es crucial para desarrollar y sostener iniciativas de prevenci\u00f3n.<\/p>\n<p>La conmemoraci\u00f3n de este d\u00eda tambi\u00e9n pone de relieve historias de supervivencia y esfuerzos comunitarios para salvar vidas. Muchas organizaciones aprovechan la fecha para realizar campa\u00f1as de sensibilizaci\u00f3n, talleres de capacitaci\u00f3n en primeros auxilios, y actividades recreativas seguras en entornos acu\u00e1ticos.<\/p>\n<\/div>\n<\/div>\n<\/div>\n<\/div>\n<\/div>\n<\/div>\n","protected":false},"excerpt":{"rendered":"<p>Desde el a\u00f1o 2021, el D\u00eda Mundial para la Prevenci\u00f3n de los Ahogamientos se celebra cada 25 de julio, impulsado<\/p>\n","protected":false},"author":1,"featured_media":107269,"comment_status":"closed","ping_status":"closed","sticky":false,"template":"","format":"standard","meta":{"kia_subtitle":"Cada 25 de julio se conmemora el D\u00eda Mundial para la Prevenci\u00f3n de los Ahogamientos, una fecha que busca concienciar sobre la importancia de prevenir este tipo de incidentes que cobran miles de vidas anualmente en todo el mundo.","footnotes":"","jetpack_publicize_message":"","jetpack_publicize_feature_enabled":true,"jetpack_social_post_already_shared":true,"jetpack_social_options":{"image_generator_settings":{"template":"highway","default_image_id":0,"font":"","enabled":false},"version":2}},"categories":[5,2594],"tags":[],"class_list":["post-118130","post","type-post","status-publish","format-standard","has-post-thumbnail","hentry","category-cultura","category-efemerides"],"jetpack_publicize_connections":[],"jetpack_featured_media_url":"https:\/\/laurbedigital.com.ar\/noticias\/wp-content\/uploads\/2024\/07\/20240725-Ahogamiento.jpg","_links":{"self":[{"href":"https:\/\/laurbedigital.com.ar\/noticias\/wp-json\/wp\/v2\/posts\/118130","targetHints":{"allow":["GET"]}}],"collection":[{"href":"https:\/\/laurbedigital.com.ar\/noticias\/wp-json\/wp\/v2\/posts"}],"about":[{"href":"https:\/\/laurbedigital.com.ar\/noticias\/wp-json\/wp\/v2\/types\/post"}],"author":[{"embeddable":true,"href":"https:\/\/laurbedigital.com.ar\/noticias\/wp-json\/wp\/v2\/users\/1"}],"replies":[{"embeddable":true,"href":"https:\/\/laurbedigital.com.ar\/noticias\/wp-json\/wp\/v2\/comments?post=118130"}],"version-history":[{"count":2,"href":"https:\/\/laurbedigital.com.ar\/noticias\/wp-json\/wp\/v2\/posts\/118130\/revisions"}],"predecessor-version":[{"id":118132,"href":"https:\/\/laurbedigital.com.ar\/noticias\/wp-json\/wp\/v2\/posts\/118130\/revisions\/118132"}],"wp:featuredmedia":[{"embeddable":true,"href":"https:\/\/laurbedigital.com.ar\/noticias\/wp-json\/wp\/v2\/media\/107269"}],"wp:attachment":[{"href":"https:\/\/laurbedigital.com.ar\/noticias\/wp-json\/wp\/v2\/media?parent=118130"}],"wp:term":[{"taxonomy":"category","embeddable":true,"href":"https:\/\/laurbedigital.com.ar\/noticias\/wp-json\/wp\/v2\/categories?post=118130"},{"taxonomy":"post_tag","embeddable":true,"href":"https:\/\/laurbedigital.com.ar\/noticias\/wp-json\/wp\/v2\/tags?post=118130"}],"curies":[{"name":"wp","href":"https:\/\/api.w.org\/{rel}","templated":true}]}}