{"id":118119,"date":"2025-07-24T05:04:57","date_gmt":"2025-07-24T08:04:57","guid":{"rendered":"https:\/\/laurbedigital.com.ar\/noticias\/?p=118119"},"modified":"2025-07-24T05:06:16","modified_gmt":"2025-07-24T08:06:16","slug":"caso-silvia-gallardo-un-giro-inesperado-reactiva-la-busqueda-de-justicia-tras-11-anos-de-impunidad","status":"publish","type":"post","link":"https:\/\/laurbedigital.com.ar\/noticias\/2025\/07\/24\/caso-silvia-gallardo-un-giro-inesperado-reactiva-la-busqueda-de-justicia-tras-11-anos-de-impunidad\/","title":{"rendered":"Caso Silvia Gallardo: un giro inesperado reactiva la b\u00fasqueda de justicia tras 11 a\u00f1os de impunidad"},"content":{"rendered":"<p>Cuando todo indicaba que el caso se encaminaba a la impunidad por el paso del tiempo, la Justicia provincial reactiv\u00f3 el expediente y orden\u00f3 la detenci\u00f3n de dos personas clave en el entorno \u00edntimo de la v\u00edctima: su hija, Yamila Micaela Gallardo, y su yerno, Hugo Alberto Su\u00e1rez. Ambos fueron arrestados este martes en el centro de C\u00f3rdoba capital, acusados de \u00abhomicidio calificado por el v\u00ednculo y por mediar violencia de g\u00e9nero\u00bb, figura que encuadra el hecho como un femicidio.<\/p>\n<h3>Un pasaje sin usar y una desaparici\u00f3n sin rastros<\/h3>\n<p>Silvia Gallardo fue vista por \u00faltima vez el <b>12 de febrero de 2014<\/b>. Ten\u00eda en su poder un pasaje para viajar desde Villa Dolores hasta la ciudad de C\u00f3rdoba, pero nunca lleg\u00f3 a subir al colectivo. Su repentina ausencia gener\u00f3 inquietud en su entorno, especialmente en su hermana, <b>Anal\u00eda Prado<\/b>, quien present\u00f3 la denuncia catorce d\u00edas despu\u00e9s, el 26 de febrero.<\/p>\n<p>\u00ab\u00c9l quer\u00eda tener el control de la casa, que no era de \u00e9l. Mi hermana le dijo que se iba a ir, y al otro d\u00eda desapareci\u00f3\u00bb, record\u00f3 Anal\u00eda en una entrevista con <i>La Voz<\/i>, refiri\u00e9ndose a <b>Hugo Su\u00e1rez<\/b>, pareja de su sobrina Yamila. Silvia manten\u00eda con Su\u00e1rez una relaci\u00f3n tensa, marcada por episodios de violencia y dominaci\u00f3n.<\/p>\n<h3>Sospechas tempranas y pistas ignoradas durante una d\u00e9cada<\/h3>\n<p>Desde el inicio de la investigaci\u00f3n, el c\u00edrculo \u00edntimo de Silvia apunt\u00f3 directamente contra su yerno. Las sospechas se intensificaron cuando comenzaron a revelarse comportamientos inusuales y fr\u00edos por parte de Su\u00e1rez tras la desaparici\u00f3n. Vendi\u00f3 objetos personales de Silvia como si supiera que no regresar\u00eda y, poco despu\u00e9s, se mud\u00f3 a otra provincia junto con Yamila, en lo que ahora se presume fue un intento de borrar rastros y desviar la investigaci\u00f3n.<\/p>\n<p>Durante a\u00f1os, ambos sostuvieron la versi\u00f3n de una supuesta fuga voluntaria de Silvia al extranjero. Adem\u00e1s, difamaron su nombre, con relatos que buscaban desacreditar su vida personal y familiar, sembrando dudas tanto en la opini\u00f3n p\u00fablica como en los propios investigadores.<\/p>\n<p>La causa permaneci\u00f3 estancada durante casi una d\u00e9cada, sin avances significativos. Las inconsistencias en los relatos de Yamila y Hugo no fueron suficientes para una acci\u00f3n judicial firme en su momento. Los constantes cambios de fiscales y las demoras procesales minaron la posibilidad de una pronta resoluci\u00f3n.<\/p>\n<h3>La reactivaci\u00f3n del caso: un femicidio intrafamiliar<\/h3>\n<p>No obstante, la nueva fiscal <b>Eugenia Ferreyra<\/b>, quien tom\u00f3 el expediente hace pocas semanas, decidi\u00f3 revisar cada detalle. En poco tiempo, detect\u00f3 una serie de <b>contradicciones clave<\/b> que reorientaron el caso. Con un equipo especializado en delitos de violencia de g\u00e9nero y desapariciones, Ferreyra logr\u00f3 reconstruir un escenario compatible con un crimen intrafamiliar, ejecutado en un contexto de control, manipulaci\u00f3n y violencia machista.<\/p>\n<p>La figura elegida por la fiscal, <b>\u00abhomicidio calificado por el v\u00ednculo y por violencia de g\u00e9nero\u00bb<\/b>, no es casual. Indica que la muerte de Silvia no fue un hecho aislado, sino una manifestaci\u00f3n extrema de violencia ejercida por personas cercanas \u2013su propia hija y su yerno\u2013, encuadrada dentro de lo que la ley reconoce como femicidio.<\/p>\n<h3>La incansable lucha de una hermana por la verdad<\/h3>\n<p>A lo largo de estos 11 a\u00f1os, <b>Anal\u00eda Prado<\/b> se convirti\u00f3 en el rostro visible del pedido de justicia por Silvia. Mantuvo viva la causa ante los medios, organiz\u00f3 movilizaciones, particip\u00f3 en marchas de familiares de v\u00edctimas de femicidios y ejerci\u00f3 presi\u00f3n cada vez que la investigaci\u00f3n amenazaba con estancarse.<\/p>\n<p>\u00abDespu\u00e9s de tantos a\u00f1os esperando un gesto de la Justicia, hoy creemos que estamos un poco m\u00e1s cerca de encontrar la verdad. Por fin una buena noticia. Agradecemos a la fiscal Ferreyra y a la polic\u00eda\u00bb, expres\u00f3 Anal\u00eda al conocer la detenci\u00f3n de Yamila y Hugo. Su testimonio no solo refleja el dolor de una p\u00e9rdida irreparable, sino tambi\u00e9n el coraje y la perseverancia de muchas familias que enfrentan el olvido institucional en casos de violencia de g\u00e9nero.<\/p>\n<h3>Un crimen familiar y una deuda con la verdad<\/h3>\n<p>De confirmarse las sospechas de la fiscal\u00eda, el caso de Silvia Gallardo se sumar\u00eda a los numerosos femicidios que ocurren en contextos de violencia familiar y econ\u00f3mica, donde las v\u00edctimas quedan atrapadas por din\u00e1micas de control. En este caso, la implicaci\u00f3n de la propia hija de la v\u00edctima a\u00f1ade una dolorosa capa de traici\u00f3n, y pone de manifiesto c\u00f3mo ciertos mecanismos de violencia pueden naturalizarse al punto de convertir a familiares en c\u00f3mplices o ejecutores.<\/p>\n<p>La Justicia deber\u00e1 ahora profundizar la investigaci\u00f3n para determinar si existieron otras personas implicadas, el posible destino del cuerpo de Silvia \u2013que hasta el momento no ha sido hallado\u2013 y si hubo encubrimiento por parte de funcionarios o allegados. El expediente sigue bajo secreto de sumario, pero fuentes judiciales confirmaron que se est\u00e1n realizando peritajes sobre nuevos elementos hallados, lo que podr\u00eda derivar en m\u00e1s detenciones o incluso en la aparici\u00f3n de restos humanos.<\/p>\n<p>Para la fiscal Ferreyra, el caso es prioritario: \u00abNo podemos permitir que el paso del tiempo sea un obst\u00e1culo para la verdad. Cada d\u00eda sin justicia es una revictimizaci\u00f3n para las familias\u00bb, afirm\u00f3. Mientras tanto, la sociedad de Traslasierra sigue conmovida por el giro de un caso que pas\u00f3 de ser una desaparici\u00f3n sin resolver a un presunto femicidio intrafamiliar, con fuertes indicios que apuntan a una historia de violencia estructural, silencio y complicidad.<\/p>\n","protected":false},"excerpt":{"rendered":"<p>Cuando todo indicaba que el caso se encaminaba a la impunidad por el paso del tiempo, la Justicia provincial reactiv\u00f3<\/p>\n","protected":false},"author":1,"featured_media":118120,"comment_status":"closed","ping_status":"closed","sticky":false,"template":"","format":"standard","meta":{"kia_subtitle":"La causa por la desaparici\u00f3n de Silvia Gloria Gallardo, ocurrida el 12 de febrero de 2014 en Traslasierra, C\u00f3rdoba, ha tomado un rumbo dr\u00e1stico y sorpresivo.","footnotes":"","jetpack_publicize_message":"","jetpack_publicize_feature_enabled":true,"jetpack_social_post_already_shared":true,"jetpack_social_options":{"image_generator_settings":{"template":"highway","default_image_id":0,"font":"","enabled":false},"version":2}},"categories":[8],"tags":[],"class_list":["post-118119","post","type-post","status-publish","format-standard","has-post-thumbnail","hentry","category-policiales"],"jetpack_publicize_connections":[],"jetpack_featured_media_url":"https:\/\/laurbedigital.com.ar\/noticias\/wp-content\/uploads\/2025\/07\/20260724-Silvia-Gallardo.jpg","_links":{"self":[{"href":"https:\/\/laurbedigital.com.ar\/noticias\/wp-json\/wp\/v2\/posts\/118119","targetHints":{"allow":["GET"]}}],"collection":[{"href":"https:\/\/laurbedigital.com.ar\/noticias\/wp-json\/wp\/v2\/posts"}],"about":[{"href":"https:\/\/laurbedigital.com.ar\/noticias\/wp-json\/wp\/v2\/types\/post"}],"author":[{"embeddable":true,"href":"https:\/\/laurbedigital.com.ar\/noticias\/wp-json\/wp\/v2\/users\/1"}],"replies":[{"embeddable":true,"href":"https:\/\/laurbedigital.com.ar\/noticias\/wp-json\/wp\/v2\/comments?post=118119"}],"version-history":[{"count":4,"href":"https:\/\/laurbedigital.com.ar\/noticias\/wp-json\/wp\/v2\/posts\/118119\/revisions"}],"predecessor-version":[{"id":118124,"href":"https:\/\/laurbedigital.com.ar\/noticias\/wp-json\/wp\/v2\/posts\/118119\/revisions\/118124"}],"wp:featuredmedia":[{"embeddable":true,"href":"https:\/\/laurbedigital.com.ar\/noticias\/wp-json\/wp\/v2\/media\/118120"}],"wp:attachment":[{"href":"https:\/\/laurbedigital.com.ar\/noticias\/wp-json\/wp\/v2\/media?parent=118119"}],"wp:term":[{"taxonomy":"category","embeddable":true,"href":"https:\/\/laurbedigital.com.ar\/noticias\/wp-json\/wp\/v2\/categories?post=118119"},{"taxonomy":"post_tag","embeddable":true,"href":"https:\/\/laurbedigital.com.ar\/noticias\/wp-json\/wp\/v2\/tags?post=118119"}],"curies":[{"name":"wp","href":"https:\/\/api.w.org\/{rel}","templated":true}]}}