{"id":118115,"date":"2025-07-24T04:37:58","date_gmt":"2025-07-24T07:37:58","guid":{"rendered":"https:\/\/laurbedigital.com.ar\/noticias\/?p=118115"},"modified":"2025-07-24T04:37:58","modified_gmt":"2025-07-24T07:37:58","slug":"crisis-hotelera-en-argentina-el-sector-denuncia-hasta-300-despidos-mensuales-por-el-desplome-de-la-ocupacion","status":"publish","type":"post","link":"https:\/\/laurbedigital.com.ar\/noticias\/2025\/07\/24\/crisis-hotelera-en-argentina-el-sector-denuncia-hasta-300-despidos-mensuales-por-el-desplome-de-la-ocupacion\/","title":{"rendered":"Crisis hotelera en Argentina: el sector denuncia hasta 300 despidos mensuales por el desplome de la ocupaci\u00f3n"},"content":{"rendered":"<h3>El impacto de la baja ocupaci\u00f3n y la falta de pol\u00edticas de apoyo<\/h3>\n<p>Gremios como la Uni\u00f3n de Trabajadores Hoteleros y Gastron\u00f3micos de la Rep\u00fablica Argentina (UTHGRA) y la Asociaci\u00f3n Trabajadores del Estado (ATE) se\u00f1alan la falta de pol\u00edticas activas por parte del gobierno y las restricciones salariales como causas de un clima de desaliento que se traduce en cierres temporales y reducci\u00f3n de personal. En destinos clave como Mar del Plata, se estima que \u00abcada dos o tres d\u00edas cierra un local, y con cada cierre se pierden entre tres y seis empleos\u00bb.<\/p>\n<h3>Un panorama desolador en los destinos tur\u00edsticos<\/h3>\n<p>La ocupaci\u00f3n hotelera promedio se sit\u00faa en un escaso <b>46%<\/b>, y en muchos destinos importantes desciende hasta el <b>35%<\/b>. Casos como San Juan, que registr\u00f3 una demanda cercana al <b>20%<\/b>, est\u00e1n muy por debajo del umbral m\u00ednimo operativo del 45% necesario para la sostenibilidad de los establecimientos.<\/p>\n<p>En este contexto, complejos p\u00fablicos emblem\u00e1ticos como <b>Embalse y Chapadmalal<\/b> se encuentran bajo la \u00f3rbula del gobierno para su posible traspaso o privatizaci\u00f3n. ATE ya ha advertido sobre el riesgo de <b>despidos masivos<\/b>, incluso entre los empleados de planta de estos hist\u00f3ricos centros tur\u00edsticos. Un ejemplo visible de esta crisis fue el <b>Hotel Ant\u00e1rtida de Mar del Plata<\/b>, que recort\u00f3 de un d\u00eda para otro los contratos temporales de 65 trabajadores, desencadenando una crisis operativa en plena retracci\u00f3n tur\u00edstica.<\/p>\n<h3>Costos insostenibles y pedidos de auxilio al gobierno<\/h3>\n<p>La situaci\u00f3n se ve agravada por las <b>condiciones econ\u00f3micas<\/b> actuales: las tarifas de energ\u00eda y otros servicios han aumentado entre un <b>300% y 400%<\/b>, mientras que los sueldos solo han subido alrededor de un 180%. El traslado parcial de estos costos a las tarifas hoteleras resulta insuficiente, y muchos empleadores se resisten a mantener las estructuras de personal actuales.<\/p>\n<p>Desde el sector, se ha solicitado una \u00abbaja en la al\u00edcuota del IVA\u00bb, argumentando que \u00abla crisis del sector es tal que no podemos esperar mucho tiempo m\u00e1s\u00bb. La capacidad de competir con otros mercados se ve imposibilitada al tener que asumir costos entre 5 y 9 veces m\u00e1s altos, o una presi\u00f3n fiscal que duplica o triplica la de otros pa\u00edses.<\/p>\n<p>Frente al creciente desempleo y el cierre de hoteles de dos y tres estrellas, los empresarios admiten que la supervivencia depende de <b>ajustes extremos<\/b>, como la reducci\u00f3n de personal, el ahorro energ\u00e9tico y la contenci\u00f3n m\u00ednima del servicio b\u00e1sico. Sin embargo, los analistas advierten que esta crisis no solo destruye empleos, sino que tambi\u00e9n erosiona las <b>econom\u00edas regionales<\/b> que dependen de manera crucial del turismo.<\/p>\n","protected":false},"excerpt":{"rendered":"<p>El impacto de la baja ocupaci\u00f3n y la falta de pol\u00edticas de apoyo Gremios como la Uni\u00f3n de Trabajadores Hoteleros<\/p>\n","protected":false},"author":1,"featured_media":118116,"comment_status":"closed","ping_status":"closed","sticky":false,"template":"","format":"standard","meta":{"kia_subtitle":"La profunda crisis econ\u00f3mica y el dr\u00e1stico derrumbe del turismo interno est\u00e1n golpeando con fuerza al sector hotelero en Argentina. Con una ocupaci\u00f3n nacional que apenas alcanza el 46% y desciende por debajo del 30% en algunas provincias, la situaci\u00f3n es l\u00edmite: las c\u00e1maras empresarias y los gremios estiman que se registran hasta 300 despidos por mes. Este escenario cr\u00edtico amenaza con la p\u00e9rdida de miles de empleos si no se implementan medidas urgentes.","footnotes":"","jetpack_publicize_message":"","jetpack_publicize_feature_enabled":true,"jetpack_social_post_already_shared":true,"jetpack_social_options":{"image_generator_settings":{"template":"highway","default_image_id":0,"font":"","enabled":false},"version":2}},"categories":[3,41],"tags":[],"class_list":["post-118115","post","type-post","status-publish","format-standard","has-post-thumbnail","hentry","category-actualidad","category-nacionales"],"jetpack_publicize_connections":[],"jetpack_featured_media_url":"https:\/\/laurbedigital.com.ar\/noticias\/wp-content\/uploads\/2025\/07\/20260724-hotel.jpg","_links":{"self":[{"href":"https:\/\/laurbedigital.com.ar\/noticias\/wp-json\/wp\/v2\/posts\/118115","targetHints":{"allow":["GET"]}}],"collection":[{"href":"https:\/\/laurbedigital.com.ar\/noticias\/wp-json\/wp\/v2\/posts"}],"about":[{"href":"https:\/\/laurbedigital.com.ar\/noticias\/wp-json\/wp\/v2\/types\/post"}],"author":[{"embeddable":true,"href":"https:\/\/laurbedigital.com.ar\/noticias\/wp-json\/wp\/v2\/users\/1"}],"replies":[{"embeddable":true,"href":"https:\/\/laurbedigital.com.ar\/noticias\/wp-json\/wp\/v2\/comments?post=118115"}],"version-history":[{"count":2,"href":"https:\/\/laurbedigital.com.ar\/noticias\/wp-json\/wp\/v2\/posts\/118115\/revisions"}],"predecessor-version":[{"id":118118,"href":"https:\/\/laurbedigital.com.ar\/noticias\/wp-json\/wp\/v2\/posts\/118115\/revisions\/118118"}],"wp:featuredmedia":[{"embeddable":true,"href":"https:\/\/laurbedigital.com.ar\/noticias\/wp-json\/wp\/v2\/media\/118116"}],"wp:attachment":[{"href":"https:\/\/laurbedigital.com.ar\/noticias\/wp-json\/wp\/v2\/media?parent=118115"}],"wp:term":[{"taxonomy":"category","embeddable":true,"href":"https:\/\/laurbedigital.com.ar\/noticias\/wp-json\/wp\/v2\/categories?post=118115"},{"taxonomy":"post_tag","embeddable":true,"href":"https:\/\/laurbedigital.com.ar\/noticias\/wp-json\/wp\/v2\/tags?post=118115"}],"curies":[{"name":"wp","href":"https:\/\/api.w.org\/{rel}","templated":true}]}}