{"id":118107,"date":"2025-07-24T03:44:31","date_gmt":"2025-07-24T06:44:31","guid":{"rendered":"https:\/\/laurbedigital.com.ar\/noticias\/?p=118107"},"modified":"2025-07-24T03:44:31","modified_gmt":"2025-07-24T06:44:31","slug":"vacuna-contra-el-dengue-por-que-el-invierno-es-clave-para-la-inmunizacion","status":"publish","type":"post","link":"https:\/\/laurbedigital.com.ar\/noticias\/2025\/07\/24\/vacuna-contra-el-dengue-por-que-el-invierno-es-clave-para-la-inmunizacion\/","title":{"rendered":"Vacuna contra el dengue: \u00bfPor qu\u00e9 el invierno es clave para la inmunizaci\u00f3n?"},"content":{"rendered":"<h3>Un esquema de vacunaci\u00f3n estrat\u00e9gico<\/h3>\n<p>La <b>vacuna tetravalente contra el dengue<\/b> requiere de dos aplicaciones espaciadas por un lapso de meses. Esta particularidad es la raz\u00f3n fundamental por la que el invierno se convierte en el per\u00edodo ideal para comenzar el proceso. Seg\u00fan el Dr. Pablo Bonveh\u00ed, jefe de Infectolog\u00eda del Hospital Universitario CEMIC, quien reciba la primera dosis en invierno y la segunda 90 d\u00edas despu\u00e9s, en primavera, \u00abllegar\u00e1 a la temporada estival con la <b>protecci\u00f3n completa<\/b> que brinda la vacuna\u00bb.<\/p>\n<h3>La importancia de ambas dosis<\/h3>\n<p>La Dra. Florencia Cahn, m\u00e9dica infect\u00f3loga de la Fundaci\u00f3n Hu\u00e9sped, subraya que ambas dosis son esenciales para alcanzar una <b>protecci\u00f3n a largo plazo<\/b>. Muchas personas err\u00f3neamente perciben la segunda dosis como un simple \u00abrefuerzo\u00bb, pero la realidad es que el <b>esquema completo<\/b> es indispensable para lograr el nivel de inmunidad que reduce significativamente los casos sintom\u00e1ticos y las hospitalizaciones. Sin la segunda dosis en el tiempo indicado, la <b>protecci\u00f3n<\/b> es incompleta.<\/p>\n<h3>El riesgo de una segunda infecci\u00f3n y el rol de la vacuna<\/h3>\n<p>Si bien una primera infecci\u00f3n por dengue puede ser asintom\u00e1tica o leve, el <b>riesgo de desarrollar formas graves de la enfermedad<\/b> se incrementa notablemente con una segunda infecci\u00f3n, especialmente si es por un serotipo diferente al primero y la persona no est\u00e1 vacunada. La Dra. Anal\u00eda Urue\u00f1a, Directora del Centro de Estudios para la Prevenci\u00f3n y Control de Enfermedades Transmisibles de la Universidad Isalud, explica que, aunque la primera infecci\u00f3n ofrece protecci\u00f3n permanente contra ese serotipo espec\u00edfico, la protecci\u00f3n contra los otros tres es transitoria. Por ello, la <b>vacunaci\u00f3n<\/b> es crucial, incluso para quienes ya han transitado la enfermedad.<\/p>\n<p>La <b>vacuna tetravalente<\/b>, basada en un virus atenuado derivado del serotipo DENV-2, ha demostrado ofrecer <b>inmunidad cruzada<\/b> contra las cuatro variantes del virus que circulan en el pa\u00eds. El programa de evaluaci\u00f3n TIDES, que incluy\u00f3 a m\u00e1s de 20.000 personas en ocho pa\u00edses durante 4.5 a\u00f1os, demostr\u00f3 una reducci\u00f3n del 84% en las hospitalizaciones y un 61% en los casos sintom\u00e1tico en la poblaci\u00f3n vacunada, beneficios observados tanto en personas con antecedentes de dengue como en aquellas sin ellos.<\/p>\n<h3>Disponibilidad y contraindicaciones de la vacuna<\/h3>\n<p>Desde noviembre de 2023, la <b>vacuna<\/b> est\u00e1 disponible en Argentina para personas a partir de los 4 a\u00f1os. Se puede acceder a ella en vacunatorios, farmacias y droguer\u00edas, con cobertura parcial o total por parte de obras sociales y prepagas. Sin embargo, es fundamental recalcar que existen <b>contraindicaciones<\/b>: no est\u00e1 recomendada para mujeres embarazadas o en per\u00edodo de lactancia, ni para personas con inmunodeficiencias adquiridas o cong\u00e9nitas. En todos los casos, la consulta m\u00e9dica previa es indispensable.<\/p>\n<p>La <b>Organizaci\u00f3n Mundial de la Salud<\/b> y la <b>Organizaci\u00f3n Panamericana de la Salud<\/b> enfatizan que la <b>vacunaci\u00f3n<\/b> debe ser parte de una estrategia integral de control del dengue. Esta estrategia incluye la eliminaci\u00f3n de criaderos de mosquitos, educaci\u00f3n comunitaria, monitoreo ambiental y atenci\u00f3n cl\u00ednica oportuna. Con aproximadamente la mitad de la poblaci\u00f3n mundial en riesgo y entre 100 y 400 millones de infecciones anuales, aprovechar la <b>ventana de oportunidad del invierno<\/b> para la vacunaci\u00f3n es un paso vital en la <b>prevenci\u00f3n del dengue<\/b>.<\/p>\n","protected":false},"excerpt":{"rendered":"<p>Un esquema de vacunaci\u00f3n estrat\u00e9gico La vacuna tetravalente contra el dengue requiere de dos aplicaciones espaciadas por un lapso de<\/p>\n","protected":false},"author":1,"featured_media":103303,"comment_status":"closed","ping_status":"closed","sticky":false,"template":"","format":"standard","meta":{"kia_subtitle":"El invierno representa una ventana de oportunidad crucial para la vacunaci\u00f3n contra el dengue. A pesar de que el mosquito Aedes aegypti disminuye su actividad en esta estaci\u00f3n, los especialistas insisten en la importancia de iniciar el esquema de vacunaci\u00f3n en los meses fr\u00edos. El objetivo principal es lograr la inmunizaci\u00f3n completa antes de la llegada del verano, la temporada de mayor circulaci\u00f3n del virus, y as\u00ed reducir el riesgo de enfermedad grave u hospitalizaci\u00f3n.","footnotes":"","jetpack_publicize_message":"","jetpack_publicize_feature_enabled":true,"jetpack_social_post_already_shared":true,"jetpack_social_options":{"image_generator_settings":{"template":"highway","default_image_id":0,"font":"","enabled":false},"version":2}},"categories":[15,3,70],"tags":[],"class_list":["post-118107","post","type-post","status-publish","format-standard","has-post-thumbnail","hentry","category-tendencias","category-actualidad","category-salud"],"jetpack_publicize_connections":[],"jetpack_featured_media_url":"https:\/\/laurbedigital.com.ar\/noticias\/wp-content\/uploads\/2024\/03\/202400323-Vacuna-dengue.jpg","_links":{"self":[{"href":"https:\/\/laurbedigital.com.ar\/noticias\/wp-json\/wp\/v2\/posts\/118107","targetHints":{"allow":["GET"]}}],"collection":[{"href":"https:\/\/laurbedigital.com.ar\/noticias\/wp-json\/wp\/v2\/posts"}],"about":[{"href":"https:\/\/laurbedigital.com.ar\/noticias\/wp-json\/wp\/v2\/types\/post"}],"author":[{"embeddable":true,"href":"https:\/\/laurbedigital.com.ar\/noticias\/wp-json\/wp\/v2\/users\/1"}],"replies":[{"embeddable":true,"href":"https:\/\/laurbedigital.com.ar\/noticias\/wp-json\/wp\/v2\/comments?post=118107"}],"version-history":[{"count":1,"href":"https:\/\/laurbedigital.com.ar\/noticias\/wp-json\/wp\/v2\/posts\/118107\/revisions"}],"predecessor-version":[{"id":118108,"href":"https:\/\/laurbedigital.com.ar\/noticias\/wp-json\/wp\/v2\/posts\/118107\/revisions\/118108"}],"wp:featuredmedia":[{"embeddable":true,"href":"https:\/\/laurbedigital.com.ar\/noticias\/wp-json\/wp\/v2\/media\/103303"}],"wp:attachment":[{"href":"https:\/\/laurbedigital.com.ar\/noticias\/wp-json\/wp\/v2\/media?parent=118107"}],"wp:term":[{"taxonomy":"category","embeddable":true,"href":"https:\/\/laurbedigital.com.ar\/noticias\/wp-json\/wp\/v2\/categories?post=118107"},{"taxonomy":"post_tag","embeddable":true,"href":"https:\/\/laurbedigital.com.ar\/noticias\/wp-json\/wp\/v2\/tags?post=118107"}],"curies":[{"name":"wp","href":"https:\/\/api.w.org\/{rel}","templated":true}]}}