{"id":118084,"date":"2025-07-23T03:02:30","date_gmt":"2025-07-23T06:02:30","guid":{"rendered":"https:\/\/laurbedigital.com.ar\/noticias\/?p=118084"},"modified":"2025-07-23T03:06:49","modified_gmt":"2025-07-23T06:06:49","slug":"aysa-el-gobierno-avanza-en-privatizacion-y-habilita-cortes-por-falta-de-pago","status":"publish","type":"post","link":"https:\/\/laurbedigital.com.ar\/noticias\/2025\/07\/23\/aysa-el-gobierno-avanza-en-privatizacion-y-habilita-cortes-por-falta-de-pago\/","title":{"rendered":"AySA: El Gobierno avanza en privatizaci\u00f3n y habilita cortes por falta de pago"},"content":{"rendered":"<p>Esta medida, publicada en el Bolet\u00edn Oficial el 22 de julio de 2025, busca atraer inversiones privadas y mejorar la eficiencia de la compa\u00f1\u00eda, argumentando que la estructura actual es insuficiente ante la crisis econ\u00f3mica y la imposibilidad estatal de seguir subsidiando el sistema.<\/p>\n<h3>Nuevas reglas para el servicio de agua y cloacas<\/h3>\n<p>La reconfiguraci\u00f3n de las normas que rigen el servicio de agua y cloacas en el \u00e1rea metropolitana de Buenos Aires es un eje central en la estrategia del Gobierno para la privatizaci\u00f3n de AySA. Seg\u00fan se difundi\u00f3 en el Bolet\u00edn Oficial, la decisi\u00f3n se basa en la percepci\u00f3n de que \u00abla estructura actual resulta insuficiente para dar respuesta a las demandas crecientes de cobertura, calidad y sostenibilidad\u00bb, un escenario agravado por una \u00abprofunda crisis econ\u00f3mica\u00bb que impide al Estado continuar subsidiando el sistema.<\/p>\n<p>Uno de los cambios m\u00e1s significativos es la <b>habilitaci\u00f3n expresa a AySA para interrumpir el servicio de agua potable a los usuarios en mora<\/b>. Hasta el momento, esta facultad estaba restringida a usuarios no residenciales, y en los hogares solo se pod\u00eda aplicar una \u00abrestricci\u00f3n del servicio\u00bb, limitando el caudal pero sin cortar completamente el suministro. Esta nueva normativa, cuyas condiciones detalladas se establecer\u00e1n en el futuro Contrato de Concesi\u00f3n, busca fortalecer la capacidad de cobro y reducir la morosidad.<\/p>\n<h3>Flexibilizaci\u00f3n accionaria y facultades ampliadas<\/h3>\n<p>El decreto tambi\u00e9n introduce modificaciones en la composici\u00f3n accionaria de AySA y otorga nuevas facultades a la compa\u00f1\u00eda. Se dej\u00f3 sin efecto el car\u00e1cter intransferible de las acciones estatales, lo que abre la puerta a la venta total o parcial de la participaci\u00f3n p\u00fablica. Actualmente, el 90% del capital social de AySA est\u00e1 en manos del <b>Ministerio de Econom\u00eda<\/b>, que ahora tendr\u00e1 la potestad de enajenar esa participaci\u00f3n, mientras que el 10% restante pertenece a los empleados adheridos al Programa de Propiedad Participada.<\/p>\n<p>Adem\u00e1s, se otorgaron a AySA \u00abamplias facultades para auditar las obras dentro del \u00c1rea Regulada\u00bb y la posibilidad de constituir garant\u00edas con los ingresos de la concesi\u00f3n para respaldar el financiamiento externo. Estas medidas buscan dar mayor autonom\u00eda y herramientas de gesti\u00f3n a la futura concesionaria privada.<\/p>\n<h3>Per\u00edodo de transici\u00f3n y nuevo r\u00e9gimen regulatorio<\/h3>\n<p>Consciente de la magnitud del cambio, el Ejecutivo estableci\u00f3 un <b>plazo de cinco a\u00f1os como per\u00edodo de transici\u00f3n<\/b> desde la eventual adjudicaci\u00f3n de AySA al nuevo concesionario. Durante este lapso, se aplicar\u00e1 progresivamente el nuevo r\u00e9gimen regulatorio con el objetivo de evitar desajustes bruscos en la ecuaci\u00f3n econ\u00f3mico-financiera del contrato y permitir una adaptaci\u00f3n gradual a las nuevas condiciones.<\/p>\n<p>En este sentido, se deline\u00f3 un <b>nuevo esquema de relaciones entre los entes reguladores<\/b>: el <b>ERAS (Ente Regulador de Agua y Saneamiento)<\/b> y la <b>APLA (Agencia de Planificaci\u00f3n)<\/b>. Ambos deber\u00e1n cooperar y podr\u00e1n ser convocados tanto por la concesionaria como por la sindicatura de usuarios ante cualquier cuesti\u00f3n t\u00e9cnica u operativa que lo amerite.<\/p>\n<p>Adicionalmente, se cre\u00f3 el <b>Plan Director de Mejora Estrat\u00e9gica<\/b>, un instrumento t\u00e9cnico que ser\u00e1 elaborado por APLA y revisado cada cinco a\u00f1os. Su objetivo principal es identificar las obras prioritarias para extender el servicio de agua y saneamiento, bas\u00e1ndose en criterios de viabilidad t\u00e9cnica y densidad poblacional. Si bien este plan no tendr\u00e1 car\u00e1cter vinculante, servir\u00e1 como una gu\u00eda fundamental para la planificaci\u00f3n de inversiones por parte de la futura concesionaria, orientando los esfuerzos hacia las \u00e1reas de mayor necesidad y potencial de desarrollo.<\/p>\n","protected":false},"excerpt":{"rendered":"<p>Esta medida, publicada en el Bolet\u00edn Oficial el 22 de julio de 2025, busca atraer inversiones privadas y mejorar la<\/p>\n","protected":false},"author":1,"featured_media":118085,"comment_status":"closed","ping_status":"closed","sticky":false,"template":"","format":"standard","meta":{"kia_subtitle":"El Gobierno nacional dio un paso clave hacia la privatizaci\u00f3n de Agua y Saneamientos Argentinos S.A. (AySA), al reemplazar el marco normativo vigente y autorizar el corte del suministro de agua por falta de pago a usuarios residenciales.","footnotes":"","jetpack_publicize_message":"","jetpack_publicize_feature_enabled":true,"jetpack_social_post_already_shared":true,"jetpack_social_options":{"image_generator_settings":{"template":"highway","default_image_id":0,"font":"","enabled":false},"version":2}},"categories":[3,13],"tags":[],"class_list":["post-118084","post","type-post","status-publish","format-standard","has-post-thumbnail","hentry","category-actualidad","category-region"],"jetpack_publicize_connections":[],"jetpack_featured_media_url":"https:\/\/laurbedigital.com.ar\/noticias\/wp-content\/uploads\/2025\/07\/20260723-Agua.jpg","_links":{"self":[{"href":"https:\/\/laurbedigital.com.ar\/noticias\/wp-json\/wp\/v2\/posts\/118084","targetHints":{"allow":["GET"]}}],"collection":[{"href":"https:\/\/laurbedigital.com.ar\/noticias\/wp-json\/wp\/v2\/posts"}],"about":[{"href":"https:\/\/laurbedigital.com.ar\/noticias\/wp-json\/wp\/v2\/types\/post"}],"author":[{"embeddable":true,"href":"https:\/\/laurbedigital.com.ar\/noticias\/wp-json\/wp\/v2\/users\/1"}],"replies":[{"embeddable":true,"href":"https:\/\/laurbedigital.com.ar\/noticias\/wp-json\/wp\/v2\/comments?post=118084"}],"version-history":[{"count":1,"href":"https:\/\/laurbedigital.com.ar\/noticias\/wp-json\/wp\/v2\/posts\/118084\/revisions"}],"predecessor-version":[{"id":118086,"href":"https:\/\/laurbedigital.com.ar\/noticias\/wp-json\/wp\/v2\/posts\/118084\/revisions\/118086"}],"wp:featuredmedia":[{"embeddable":true,"href":"https:\/\/laurbedigital.com.ar\/noticias\/wp-json\/wp\/v2\/media\/118085"}],"wp:attachment":[{"href":"https:\/\/laurbedigital.com.ar\/noticias\/wp-json\/wp\/v2\/media?parent=118084"}],"wp:term":[{"taxonomy":"category","embeddable":true,"href":"https:\/\/laurbedigital.com.ar\/noticias\/wp-json\/wp\/v2\/categories?post=118084"},{"taxonomy":"post_tag","embeddable":true,"href":"https:\/\/laurbedigital.com.ar\/noticias\/wp-json\/wp\/v2\/tags?post=118084"}],"curies":[{"name":"wp","href":"https:\/\/api.w.org\/{rel}","templated":true}]}}