{"id":11808,"date":"2018-02-21T16:05:58","date_gmt":"2018-02-21T19:05:58","guid":{"rendered":"http:\/\/laurbedigital.com.ar\/noticias\/?p=11808"},"modified":"2018-02-21T16:05:58","modified_gmt":"2018-02-21T19:05:58","slug":"patitas-informo-estado-critico-una-mascota","status":"publish","type":"post","link":"https:\/\/laurbedigital.com.ar\/noticias\/2018\/02\/21\/patitas-informo-estado-critico-una-mascota\/","title":{"rendered":"Patitas inform\u00f3 sobre el estado cr\u00edtico de una mascota"},"content":{"rendered":"<p>Se trata de un perrito llamado Petiso, quien estaba \u201cdeca\u00eddo y sin apetito, es por esta raz\u00f3n que el s\u00e1bado pasado lo trasladamos a la Veterinaria Bottini para realizar un control. \u00a0En la misma notaron que su h\u00edgado e intestinos estaban muy inflamados, tal vez por una simple intoxicaci\u00f3n o porque su organismo estaba incubando alg\u00fan tipo de trastorno\u201d.<\/p>\n<p>En un comunicado informaron que \u201cHoy a la tarde nos acercamos a la Cl\u00ednica Veterinaria de Guernica para un nuevo control, en la misma fue diagnosticado con \u00falceras en toda su boca, enc\u00edas y lengua e inmediatamente se le administr\u00f3 suero ya que estos s\u00edntomas son a consecuencia de problemas renales, mientras estaba con suero comenz\u00f3 con v\u00f3mitos de sangre con co\u00e1gulos. Lamentablemente Petiso tambi\u00e9n padece de \u00falceras en su est\u00f3mago\u201d.<\/p>\n<p>\u201cSe le extrajo sangre para realizar con control general en su salud, los profesionales temen que sea Leptospirosis, una enfermedad compleja y mortal\u201d, continuaron.<\/p>\n<p>En tal sentido expresaron su pesar afirmando que \u201cnoticias como estas nos dejan con el coraz\u00f3n roto, no podemos imaginar una estaci\u00f3n de Glew sin nuestro querido Petiso, es por esta raz\u00f3n que pedimos que todos manden sus buenas energ\u00edas para \u00e9l en este momento tan complicado\u201d<\/p>\n","protected":false},"excerpt":{"rendered":"<p>Se trata de un perrito llamado Petiso, quien estaba \u201cdeca\u00eddo y sin apetito, es por esta raz\u00f3n que el s\u00e1bado<\/p>\n","protected":false},"author":1,"featured_media":11809,"comment_status":"closed","ping_status":"closed","sticky":false,"template":"","format":"standard","meta":{"kia_subtitle":"","footnotes":"","jetpack_publicize_message":"","jetpack_publicize_feature_enabled":true,"jetpack_social_post_already_shared":true,"jetpack_social_options":{"image_generator_settings":{"template":"highway","default_image_id":0,"font":"","enabled":false},"version":2}},"categories":[15,69],"tags":[100],"class_list":["post-11808","post","type-post","status-publish","format-standard","has-post-thumbnail","hentry","category-tendencias","category-mascotas","tag-patitas-glew"],"jetpack_publicize_connections":[],"jetpack_featured_media_url":"https:\/\/laurbedigital.com.ar\/noticias\/wp-content\/uploads\/2018\/02\/20180221-brown6.jpg","_links":{"self":[{"href":"https:\/\/laurbedigital.com.ar\/noticias\/wp-json\/wp\/v2\/posts\/11808","targetHints":{"allow":["GET"]}}],"collection":[{"href":"https:\/\/laurbedigital.com.ar\/noticias\/wp-json\/wp\/v2\/posts"}],"about":[{"href":"https:\/\/laurbedigital.com.ar\/noticias\/wp-json\/wp\/v2\/types\/post"}],"author":[{"embeddable":true,"href":"https:\/\/laurbedigital.com.ar\/noticias\/wp-json\/wp\/v2\/users\/1"}],"replies":[{"embeddable":true,"href":"https:\/\/laurbedigital.com.ar\/noticias\/wp-json\/wp\/v2\/comments?post=11808"}],"version-history":[{"count":1,"href":"https:\/\/laurbedigital.com.ar\/noticias\/wp-json\/wp\/v2\/posts\/11808\/revisions"}],"predecessor-version":[{"id":11810,"href":"https:\/\/laurbedigital.com.ar\/noticias\/wp-json\/wp\/v2\/posts\/11808\/revisions\/11810"}],"wp:featuredmedia":[{"embeddable":true,"href":"https:\/\/laurbedigital.com.ar\/noticias\/wp-json\/wp\/v2\/media\/11809"}],"wp:attachment":[{"href":"https:\/\/laurbedigital.com.ar\/noticias\/wp-json\/wp\/v2\/media?parent=11808"}],"wp:term":[{"taxonomy":"category","embeddable":true,"href":"https:\/\/laurbedigital.com.ar\/noticias\/wp-json\/wp\/v2\/categories?post=11808"},{"taxonomy":"post_tag","embeddable":true,"href":"https:\/\/laurbedigital.com.ar\/noticias\/wp-json\/wp\/v2\/tags?post=11808"}],"curies":[{"name":"wp","href":"https:\/\/api.w.org\/{rel}","templated":true}]}}