{"id":118059,"date":"2025-07-22T02:27:07","date_gmt":"2025-07-22T05:27:07","guid":{"rendered":"https:\/\/laurbedigital.com.ar\/noticias\/?p=118059"},"modified":"2025-07-22T02:27:07","modified_gmt":"2025-07-22T05:27:07","slug":"22-de-julio-dia-mundial-del-cerebro","status":"publish","type":"post","link":"https:\/\/laurbedigital.com.ar\/noticias\/2025\/07\/22\/22-de-julio-dia-mundial-del-cerebro\/","title":{"rendered":"D\u00eda Mundial del Cerebro"},"content":{"rendered":"<p>El cerebro est\u00e1 formado por muchos miles de millones de cables el\u00e9ctricos conocidos como neuronas. Esta distancia equivale a dar cuatro vueltas a la Tierra seguidas. Se cree que hay unos cien mil millones de neuronas dentro del cerebro humano.<\/p>\n<div id=\"cuerpo_nota\">\n<article id=\"post-505202\" class=\"post-505202 post type-post status-publish format-standard has-post-thumbnail category-salud tag-dia-mundial-del-cerebro\">\n<div class=\"entry-content\">\n<p>\u201cHay unos diez billones de conexiones entre estas neuronas que nos ayudan a respirar, alimentarnos, relacionarnos, leer, escribir, mirar, aprender, planificar, pensar, sentir, moverse y resolver problemas diariamente\u201d,\u00a0destaca la Dra. Paola Caro.<\/p>\n<p>Seg\u00fan datos de la\u00a0<em>Federaci\u00f3n Mundial de Neurolog\u00eda<\/em>\u00a0(WFN, por sus siglas en ingl\u00e9s), a nivel mundial las enfermedades que afectan al cerebro constituyen el 6,3% de las discapacidades. All\u00ed se incluyen las siguientes afecciones con datos de todo el globo:<\/p>\n<p><strong>Accidentes cerebrovasculares:<\/strong>\u00a015 millones de nuevos casos cada a\u00f1o y 80 millones de personas viven con secuelas. Se trata de la segunda causa m\u00e1s com\u00fan de discapacidad.<\/p>\n<p><strong>Migra\u00f1a:<\/strong>\u00a0afecta a 3 billones de personas.<\/p>\n<p><strong>Alzheimer \/ Demencia:<\/strong>\u00a0afecta a 50 millones de personas y se estima que para el a\u00f1o 2050 afectar\u00e1 a 136 millones de personas.<\/p>\n<p><strong>Parkinson:<\/strong>\u00a0afecta a 7 millones de personas.<\/p>\n<p><strong>Epilepsia:<\/strong>\u00a0afecta a 50 millones de personas.<\/p>\n<p><strong>Esclerosis m\u00faltiple<\/strong>: afecta a 2.8 millones de personas.<\/p>\n<p>En este marco, la Dra. Caro a\u00f1ade que de las enfermedades infecciosas que afectan al cerebro, las m\u00e1s frecuentes son las meningitis y encefalomielitis causadas por bacterias o por virus.<\/p>\n<p>\u201c<em>Como ocurre en todos los niveles del cuidado de la salud, la alimentaci\u00f3n saludable y la actividad f\u00edsica son factores importantes para cuidar el cerebro. Tambi\u00e9n la actividad cognitiva puede ejercitarse mediante juegos de memoria y resoluci\u00f3n, la elaboraci\u00f3n de pasatiempos, aprendizaje de idiomas o juegos de estrategia<\/em>\u201d, explica.<\/p>\n<p>Adem\u00e1s, indica que existen actividades espec\u00edficas que estimulan la vinculaci\u00f3n interhemisf\u00e9rica del cerebro y actividades que fortalecen las conexiones entre ambas partes del cerebro entrenando la atenci\u00f3n y la memoria.<\/p>\n<p>Finalmente, la Dra Caro subraya que estos ejercicios y actividades pueden complementarse con la atenci\u00f3n psicol\u00f3gica, cuando se considere necesario, para prevenir la depresi\u00f3n y la ansiedad; y con la interacci\u00f3n social y laboral.<\/p>\n<h4>Campa\u00f1a de concientizaci\u00f3n 2022<\/h4>\n<p>El cuidado de este \u00f3rgano es uno de los ejes centrales de la campa\u00f1a del D\u00eda Mundial del Cerebro 2022, que se centra en los siguientes mensajes:<\/p>\n<p><strong>Concienciaci\u00f3n:<\/strong>\u00a0La salud cerebral es imprescindible para el bienestar mental, social y f\u00edsico.<\/p>\n<p><strong>Prevenci\u00f3n:<\/strong>\u00a0Muchas enfermedades cerebrales son prevenibles.<\/p>\n<p><strong>Promoci\u00f3n:<\/strong>\u00a0Se requieren esfuerzos globales para lograr una salud cerebral \u00f3ptima.<\/p>\n<p><strong>Educaci\u00f3n:<\/strong>\u00a0La educaci\u00f3n para todos es clave para la salud cerebral.<\/p>\n<p><strong>Acceso:<\/strong>\u00a0El acceso equitativo a los recursos, el tratamiento y la rehabilitaci\u00f3n es esencial para la salud.<\/p>\n<\/div>\n<\/article>\n<\/div>\n","protected":false},"excerpt":{"rendered":"<p>El cerebro est\u00e1 formado por muchos miles de millones de cables el\u00e9ctricos conocidos como neuronas. Esta distancia equivale a dar<\/p>\n","protected":false},"author":1,"featured_media":79522,"comment_status":"closed","ping_status":"closed","sticky":false,"template":"","format":"standard","meta":{"kia_subtitle":"El 22 de julio se conmemora el D\u00eda Mundial del Cerebro con el objetivo de concientizar sobre el cuidado del \u00f3rgano m\u00e1s complejo del ser humano.","footnotes":"","jetpack_publicize_message":"","jetpack_publicize_feature_enabled":true,"jetpack_social_post_already_shared":true,"jetpack_social_options":{"image_generator_settings":{"template":"highway","default_image_id":0,"font":"","enabled":false},"version":2}},"categories":[5,2594],"tags":[],"class_list":["post-118059","post","type-post","status-publish","format-standard","has-post-thumbnail","hentry","category-cultura","category-efemerides"],"jetpack_publicize_connections":[],"jetpack_featured_media_url":"https:\/\/laurbedigital.com.ar\/noticias\/wp-content\/uploads\/2022\/07\/20220722-Cerebro.jpg","_links":{"self":[{"href":"https:\/\/laurbedigital.com.ar\/noticias\/wp-json\/wp\/v2\/posts\/118059","targetHints":{"allow":["GET"]}}],"collection":[{"href":"https:\/\/laurbedigital.com.ar\/noticias\/wp-json\/wp\/v2\/posts"}],"about":[{"href":"https:\/\/laurbedigital.com.ar\/noticias\/wp-json\/wp\/v2\/types\/post"}],"author":[{"embeddable":true,"href":"https:\/\/laurbedigital.com.ar\/noticias\/wp-json\/wp\/v2\/users\/1"}],"replies":[{"embeddable":true,"href":"https:\/\/laurbedigital.com.ar\/noticias\/wp-json\/wp\/v2\/comments?post=118059"}],"version-history":[{"count":2,"href":"https:\/\/laurbedigital.com.ar\/noticias\/wp-json\/wp\/v2\/posts\/118059\/revisions"}],"predecessor-version":[{"id":118061,"href":"https:\/\/laurbedigital.com.ar\/noticias\/wp-json\/wp\/v2\/posts\/118059\/revisions\/118061"}],"wp:featuredmedia":[{"embeddable":true,"href":"https:\/\/laurbedigital.com.ar\/noticias\/wp-json\/wp\/v2\/media\/79522"}],"wp:attachment":[{"href":"https:\/\/laurbedigital.com.ar\/noticias\/wp-json\/wp\/v2\/media?parent=118059"}],"wp:term":[{"taxonomy":"category","embeddable":true,"href":"https:\/\/laurbedigital.com.ar\/noticias\/wp-json\/wp\/v2\/categories?post=118059"},{"taxonomy":"post_tag","embeddable":true,"href":"https:\/\/laurbedigital.com.ar\/noticias\/wp-json\/wp\/v2\/tags?post=118059"}],"curies":[{"name":"wp","href":"https:\/\/api.w.org\/{rel}","templated":true}]}}