{"id":118056,"date":"2025-07-22T02:24:46","date_gmt":"2025-07-22T05:24:46","guid":{"rendered":"https:\/\/laurbedigital.com.ar\/noticias\/?p=118056"},"modified":"2025-07-22T02:24:46","modified_gmt":"2025-07-22T05:24:46","slug":"vuelve-el-frio-polar-al-amba-tras-el-veranito-un-brusco-descenso-de-temperaturas","status":"publish","type":"post","link":"https:\/\/laurbedigital.com.ar\/noticias\/2025\/07\/22\/vuelve-el-frio-polar-al-amba-tras-el-veranito-un-brusco-descenso-de-temperaturas\/","title":{"rendered":"Vuelve el fr\u00edo polar al AMBA: Tras el \u00abveranito\u00bb un brusco descenso de temperaturas"},"content":{"rendered":"<h3>Adi\u00f3s al veranito: El fr\u00edo polar regresa con fuerza al AMBA<\/h3>\n<p>Tras una inusual seguidilla de d\u00edas con temperaturas que superaron los 20 grados, la Ciudad de Buenos Aires y el conurbano bonaerense se alistan para un <b>inesperado retorno del fr\u00edo polar<\/b>. El <b>Servicio Meteorol\u00f3gico Nacional (SMN)<\/b> y los pronosticadores privados coinciden en que las marcas t\u00e9rmicas descender\u00e1n dr\u00e1sticamente en los pr\u00f3ximos d\u00edas. La buena noticia, sin embargo, es que este per\u00edodo de fr\u00edo intenso no se extender\u00e1 por mucho tiempo.<\/p>\n<p>El descenso comenzar\u00e1 a sentirse el <b>mi\u00e9rcoles 23 de julio<\/b>, cuando las temperaturas m\u00e1ximas apenas superar\u00e1n los 10 grados y las m\u00ednimas se ubicar\u00e1n alrededor de los 5 o 6 grados. El d\u00eda m\u00e1s g\u00e9lido de lo que resta de julio ser\u00e1 el <b>domingo 27<\/b>, con m\u00ednimas que podr\u00edan rondar el <b>1 grado<\/b> en algunas zonas del conurbano. A pesar de este pron\u00f3stico de bajas temperaturas, el SMN anticipa que el resto de los d\u00edas hacia el final de julio y el inicio de agosto traer\u00e1n marcas t\u00e9rmicas m\u00e1s agradables y una buena presencia de sol, preparando el terreno para una recta final hacia la primavera con mejor tiempo.<\/p>\n<h3>Variaciones bruscas y sus efectos<\/h3>\n<p>El invierno en el AMBA ha demostrado ser impredecible, oscilando entre extremos. Luego de jornadas con temperaturas bajo cero, heladas intensas y sensaci\u00f3n t\u00e9rmica polar, la regi\u00f3n experiment\u00f3 un \u00abveranito\u00bb con d\u00edas templados y m\u00e1ximas que llegaron a los 22 grados, algo m\u00e1s propio de la primavera que de julio. Esta <b>inestabilidad t\u00e9rmica<\/b> ha generado sorpresa y comentarios, con usuarios de redes sociales refiri\u00e9ndose al <b>\u201cinvierno bipolar\u201d<\/b> que atraviesa la regi\u00f3n. Mientras algunos a\u00fan conservan sus abrigos, otros aprovecharon el calor para disfrutar de actividades al aire libre.<\/p>\n<p>Desde el SMN, explican que estas <b>variaciones abruptas<\/b> se deben a la constante <b>entrada y salida de masas de aire fr\u00edo y c\u00e1lido<\/b>, con vientos del norte que moment\u00e1neamente elevan las temperaturas. Sin embargo, reiteran que el fr\u00edo retornar\u00e1 con fuerza. Los especialistas del SMN se\u00f1alan que, si bien estos \u00abaltibajos marcados\u00bb y la \u00abamplitud t\u00e9rmica\u00bb est\u00e1n dentro de lo esperado para esta \u00e9poca del a\u00f1o, se est\u00e1n manifestando con una <b>mayor intensidad<\/b>.<\/p>\n<p>Estos cambios repentinos de temperatura no solo afectan la rutina diaria, sino tambi\u00e9n la salud. M\u00e9dicos advierten que las fluctuaciones t\u00e9rmicas favorecen la aparici\u00f3n de <b>resfr\u00edos, alergias y diversos cuadros respiratorios<\/b>. Por ello, recomiendan a la poblaci\u00f3n <b>abrigarse en capas<\/b>, lo que permite adaptarse a las variaciones del d\u00eda, <b>ventilar los ambientes<\/b> y prestar atenci\u00f3n a los pron\u00f3sticos diarios para prepararse adecuadamente.<\/p>\n","protected":false},"excerpt":{"rendered":"<p>Adi\u00f3s al veranito: El fr\u00edo polar regresa con fuerza al AMBA Tras una inusual seguidilla de d\u00edas con temperaturas que<\/p>\n","protected":false},"author":1,"featured_media":116264,"comment_status":"closed","ping_status":"closed","sticky":false,"template":"","format":"standard","meta":{"kia_subtitle":"Despu\u00e9s de varios d\u00edas con temperaturas superiores a los 20 grados, el \u00c1rea Metropolitana de Buenos Aires (AMBA) se prepara para un brusco regreso del fr\u00edo polar. El Servicio Meteorol\u00f3gico Nacional (SMN) advierte sobre una fuerte baja de las marcas t\u00e9rmicas que se sentir\u00e1 a partir del mi\u00e9rcoles 23 de julio, con el domingo 27 como el d\u00eda m\u00e1s fr\u00edo.","footnotes":"","jetpack_publicize_message":"","jetpack_publicize_feature_enabled":true,"jetpack_social_post_already_shared":true,"jetpack_social_options":{"image_generator_settings":{"template":"highway","default_image_id":0,"font":"","enabled":false},"version":2}},"categories":[13],"tags":[],"class_list":["post-118056","post","type-post","status-publish","format-standard","has-post-thumbnail","hentry","category-region"],"jetpack_publicize_connections":[],"jetpack_featured_media_url":"https:\/\/laurbedigital.com.ar\/noticias\/wp-content\/uploads\/2025\/05\/20250526-Ola-Polar-Frio.jpg","_links":{"self":[{"href":"https:\/\/laurbedigital.com.ar\/noticias\/wp-json\/wp\/v2\/posts\/118056","targetHints":{"allow":["GET"]}}],"collection":[{"href":"https:\/\/laurbedigital.com.ar\/noticias\/wp-json\/wp\/v2\/posts"}],"about":[{"href":"https:\/\/laurbedigital.com.ar\/noticias\/wp-json\/wp\/v2\/types\/post"}],"author":[{"embeddable":true,"href":"https:\/\/laurbedigital.com.ar\/noticias\/wp-json\/wp\/v2\/users\/1"}],"replies":[{"embeddable":true,"href":"https:\/\/laurbedigital.com.ar\/noticias\/wp-json\/wp\/v2\/comments?post=118056"}],"version-history":[{"count":2,"href":"https:\/\/laurbedigital.com.ar\/noticias\/wp-json\/wp\/v2\/posts\/118056\/revisions"}],"predecessor-version":[{"id":118058,"href":"https:\/\/laurbedigital.com.ar\/noticias\/wp-json\/wp\/v2\/posts\/118056\/revisions\/118058"}],"wp:featuredmedia":[{"embeddable":true,"href":"https:\/\/laurbedigital.com.ar\/noticias\/wp-json\/wp\/v2\/media\/116264"}],"wp:attachment":[{"href":"https:\/\/laurbedigital.com.ar\/noticias\/wp-json\/wp\/v2\/media?parent=118056"}],"wp:term":[{"taxonomy":"category","embeddable":true,"href":"https:\/\/laurbedigital.com.ar\/noticias\/wp-json\/wp\/v2\/categories?post=118056"},{"taxonomy":"post_tag","embeddable":true,"href":"https:\/\/laurbedigital.com.ar\/noticias\/wp-json\/wp\/v2\/tags?post=118056"}],"curies":[{"name":"wp","href":"https:\/\/api.w.org\/{rel}","templated":true}]}}