{"id":118053,"date":"2025-07-22T02:14:10","date_gmt":"2025-07-22T05:14:10","guid":{"rendered":"https:\/\/laurbedigital.com.ar\/noticias\/?p=118053"},"modified":"2025-07-22T02:14:10","modified_gmt":"2025-07-22T05:14:10","slug":"buenos-aires-se-prepara-para-el-encuentro-bonaerense-de-ciencia-y-universidad","status":"publish","type":"post","link":"https:\/\/laurbedigital.com.ar\/noticias\/2025\/07\/22\/buenos-aires-se-prepara-para-el-encuentro-bonaerense-de-ciencia-y-universidad\/","title":{"rendered":"Buenos Aires se prepara para el Encuentro Bonaerense de Ciencia y Universidad"},"content":{"rendered":"<h3>Una jornada para debatir el futuro del conocimiento y el desarrollo<\/h3>\n<p>El Gobierno de la Provincia de Buenos Aires ha anunciado la organizaci\u00f3n del <b>Encuentro Bonaerense de Ciencia y Universidad<\/b>, un espacio fundamental dise\u00f1ado para fomentar el conocimiento como motor del desarrollo. Este evento busca generar un debate enriquecedor sobre los desaf\u00edos y las oportunidades que se presentan para el sistema cient\u00edfico y tecnol\u00f3gico en la provincia.<\/p>\n<p>La jornada tendr\u00e1 lugar el pr\u00f3ximo <b>viernes 25 de julio en la Universidad Nacional de Quilmes (UNQ)<\/b>. Se espera la participaci\u00f3n de m\u00e1s de <b>cuarenta acad\u00e9micos, referentes del sistema cient\u00edfico y tecnol\u00f3gico<\/b>, as\u00ed como autoridades del Gobierno provincial. La asistencia para el p\u00fablico es <b>libre y gratuita<\/b>, aunque requiere inscripci\u00f3n previa.<\/p>\n<h3>Mesas tem\u00e1ticas y figuras destacadas<\/h3>\n<p>La programaci\u00f3n del Encuentro se estructura en <b>seis mesas tem\u00e1ticas<\/b>, que comenzar\u00e1n a desarrollarse a partir de las <b>14:00 hs.<\/b>. Los ejes centrales de debate incluyen \u00e1reas de vanguardia y de gran relevancia para el desarrollo provincial:<\/p>\n<ul>\n<li><b>Inteligencia artificial, automatizaci\u00f3n y empleo:<\/b> Abordando el impacto de las nuevas tecnolog\u00edas en el mercado laboral y la sociedad.<\/li>\n<li><b>Producci\u00f3n y ambiente:<\/b> Explorando la relaci\u00f3n entre el desarrollo econ\u00f3mico y la sostenibilidad ambiental.<\/li>\n<li><b>Ciencia y territorio:<\/b> Analizando c\u00f3mo el conocimiento puede contribuir al desarrollo local y regional.<\/li>\n<li><b>Soberan\u00eda energ\u00e9tica y desarrollo:<\/b> Discutiendo estrategias para garantizar la autonom\u00eda energ\u00e9tica y su v\u00ednculo con el progreso.<\/li>\n<li><b>Desarrollo, arraigo y conocimiento:<\/b> Reflexionando sobre la importancia del conocimiento para generar oportunidades y arraigar a la poblaci\u00f3n en sus territorios.<\/li>\n<li><b>Salud:<\/b> Un eje vital para debatir avances y desaf\u00edos en el \u00e1mbito de la salud p\u00fablica y la investigaci\u00f3n m\u00e9dica.<\/li>\n<\/ul>\n<p>El cierre de la jornada se realizar\u00e1 en el <b>Aula Magna de la UNQ a partir de las 17:00 hs.<\/b> Estar\u00e1 encabezado por el gobernador <b>Axel Kicillof<\/b>, acompa\u00f1ado por el ministro de Gobierno, <b>Carlos Bianco<\/b>, el ministro de Producci\u00f3n, Ciencia e Innovaci\u00f3n Tecnol\u00f3gica, <b>Augusto Costa<\/b>, y el rector de la UNQ, <b>Alfredo Alfonso<\/b>.<\/p>\n<p>Para obtener m\u00e1s informaci\u00f3n sobre el encuentro y acceder al formulario de inscripciones, los interesados pueden visitar la siguiente p\u00e1gina web: <a class=\"ng-star-inserted\" href=\"https:\/\/gba.gob.ar\/gobierno\/jornadas\" target=\"_blank\" rel=\"noopener\">https:\/\/gba.gob.ar\/gobierno\/jornadas<\/a><\/p>\n","protected":false},"excerpt":{"rendered":"<p>Una jornada para debatir el futuro del conocimiento y el desarrollo El Gobierno de la Provincia de Buenos Aires ha<\/p>\n","protected":false},"author":1,"featured_media":118054,"comment_status":"closed","ping_status":"closed","sticky":false,"template":"","format":"standard","meta":{"kia_subtitle":"La Provincia de Buenos Aires ser\u00e1 anfitriona del Encuentro Bonaerense de Ciencia y Universidad, un evento clave para impulsar el desarrollo cient\u00edfico y tecnol\u00f3gico en la regi\u00f3n. La cita es el pr\u00f3ximo viernes 25 de julio en la Universidad Nacional de Quilmes (UNQ), con la presencia de destacados acad\u00e9micos y autoridades.","footnotes":"","jetpack_publicize_message":"","jetpack_publicize_feature_enabled":true,"jetpack_social_post_already_shared":true,"jetpack_social_options":{"image_generator_settings":{"template":"highway","default_image_id":0,"font":"","enabled":false},"version":2}},"categories":[3,56],"tags":[],"class_list":["post-118053","post","type-post","status-publish","format-standard","has-post-thumbnail","hentry","category-actualidad","category-buenos-aires"],"jetpack_publicize_connections":[],"jetpack_featured_media_url":"https:\/\/laurbedigital.com.ar\/noticias\/wp-content\/uploads\/2025\/07\/20260722-Encuentro-Bonaerense-Ciencia-Universidad.jpg","_links":{"self":[{"href":"https:\/\/laurbedigital.com.ar\/noticias\/wp-json\/wp\/v2\/posts\/118053","targetHints":{"allow":["GET"]}}],"collection":[{"href":"https:\/\/laurbedigital.com.ar\/noticias\/wp-json\/wp\/v2\/posts"}],"about":[{"href":"https:\/\/laurbedigital.com.ar\/noticias\/wp-json\/wp\/v2\/types\/post"}],"author":[{"embeddable":true,"href":"https:\/\/laurbedigital.com.ar\/noticias\/wp-json\/wp\/v2\/users\/1"}],"replies":[{"embeddable":true,"href":"https:\/\/laurbedigital.com.ar\/noticias\/wp-json\/wp\/v2\/comments?post=118053"}],"version-history":[{"count":1,"href":"https:\/\/laurbedigital.com.ar\/noticias\/wp-json\/wp\/v2\/posts\/118053\/revisions"}],"predecessor-version":[{"id":118055,"href":"https:\/\/laurbedigital.com.ar\/noticias\/wp-json\/wp\/v2\/posts\/118053\/revisions\/118055"}],"wp:featuredmedia":[{"embeddable":true,"href":"https:\/\/laurbedigital.com.ar\/noticias\/wp-json\/wp\/v2\/media\/118054"}],"wp:attachment":[{"href":"https:\/\/laurbedigital.com.ar\/noticias\/wp-json\/wp\/v2\/media?parent=118053"}],"wp:term":[{"taxonomy":"category","embeddable":true,"href":"https:\/\/laurbedigital.com.ar\/noticias\/wp-json\/wp\/v2\/categories?post=118053"},{"taxonomy":"post_tag","embeddable":true,"href":"https:\/\/laurbedigital.com.ar\/noticias\/wp-json\/wp\/v2\/tags?post=118053"}],"curies":[{"name":"wp","href":"https:\/\/api.w.org\/{rel}","templated":true}]}}