{"id":118041,"date":"2025-07-22T01:48:39","date_gmt":"2025-07-22T04:48:39","guid":{"rendered":"https:\/\/laurbedigital.com.ar\/noticias\/?p=118041"},"modified":"2025-07-22T01:48:39","modified_gmt":"2025-07-22T04:48:39","slug":"alerta-global-recibir-un-smartphone-antes-de-los-13-anos-impacta-negativamente-la-salud-mental-juvenil","status":"publish","type":"post","link":"https:\/\/laurbedigital.com.ar\/noticias\/2025\/07\/22\/alerta-global-recibir-un-smartphone-antes-de-los-13-anos-impacta-negativamente-la-salud-mental-juvenil\/","title":{"rendered":"Alerta global: Recibir un smartphone antes de los 13 a\u00f1os impacta negativamente la salud mental juvenil"},"content":{"rendered":"<p>La investigaci\u00f3n, publicada en el <i>Journal of Human Development and Capabilities<\/i>, se\u00f1ala que quienes recibieron su primer celular antes de los 13 a\u00f1os son m\u00e1s propensos a desarrollar pensamientos suicidas, baja autoestima y agresividad, con las redes sociales como un factor clave en este deterioro.<\/p>\n<h3>El estudio que enciende las alarmas: Conexi\u00f3n entre smartphones y salud mental<\/h3>\n<p>Un nuevo y revelador estudio, liderado por la neurocient\u00edfica Tara Thiagarajan de la organizaci\u00f3n cient\u00edfica <b>Sapien Labs<\/b> y publicado en el <i>Journal of Human Development and Capabilities<\/i>, ha encendido las alarmas a nivel global sobre los efectos a largo plazo del uso temprano de <b>smartphones<\/b> en la <b>salud mental de los j\u00f3venes<\/b>. La investigaci\u00f3n, basada en una de las bases de datos m\u00e1s grandes del mundo sobre salud mental, utilizando la herramienta de autoevaluaci\u00f3n <b>Mind Health Quotient<\/b>, indica que aquellos individuos que recibieron su primer tel\u00e9fono inteligente a los <b>12 a\u00f1os o antes<\/b> muestran, en su adultez temprana, mayores niveles de <b>pensamientos suicidas<\/b>, <b>desconexi\u00f3n de la realidad<\/b>, <b>agresividad<\/b>, <b>inestabilidad emocional<\/b> y <b>baja autoestima<\/b>.<\/p>\n<p>Los hallazgos de Sapien Labs no se limitan a un \u00e1mbito geogr\u00e1fico espec\u00edfico; esta tendencia se replica en todas las regiones del mundo, si bien con una incidencia ligeramente mayor en pa\u00edses de habla inglesa. Esto sugiere que el fen\u00f3meno no es aislado, sino una preocupaci\u00f3n global que requiere una atenci\u00f3n urgente y coordinada.<\/p>\n<h3>Redes sociales: El factor amplificador del deterioro<\/h3>\n<p>El informe profundiza en la ra\u00edz del problema, identificando el <b>acceso temprano a las redes sociales<\/b> como un catalizador significativo de estas problem\u00e1ticas. Seg\u00fan los datos recopilados, la exposici\u00f3n prematura a estas plataformas explica un considerable <b>40% del deterioro de la salud mental<\/b>. Pero sus efectos negativos no terminan ah\u00ed: tambi\u00e9n se asocia con un <b>13% del da\u00f1o a las relaciones familiares<\/b>, un <b>10% del ciberacoso<\/b> y un <b>12% de los trastornos del sue\u00f1o<\/b>.<\/p>\n<p>Thiagarajan explica que el uso prematuro de redes sociales influye negativamente en los j\u00f3venes de varias maneras cruciales. Fomenta las <b>comparaciones sociales<\/b> constantes, lo que puede minar la autoestima y generar sentimientos de insuficiencia. Adem\u00e1s, <b>absorbe tiempo valioso de descanso y desarrollo personal<\/b>, y amplifica la exposici\u00f3n a <b>contenidos da\u00f1inos<\/b> mediante algoritmos dise\u00f1ados para maximizar el engagement. La neurocient\u00edfica advierte que <b>\u00abestos efectos son especialmente graves en la infancia, cuando los usuarios a\u00fan no han desarrollado experiencia ni mecanismos de defensa frente a estos est\u00edmulos\u00bb<\/b>, lo que los deja particularmente vulnerables a los impactos negativos.<\/p>\n<p>El estudio tambi\u00e9n desglosa los impactos por g\u00e9nero: tener un smartphone antes de los 13 a\u00f1os se asocia con una <b>menor resiliencia emocional en mujeres adultas<\/b> y con una disminuci\u00f3n de la <b>confianza, empat\u00eda y tranquilidad en los hombres<\/b>. Esto subraya la necesidad de abordar la problem\u00e1tica con una perspectiva de g\u00e9nero, reconociendo que los impactos pueden manifestarse de diferentes maneras en distintos grupos.<\/p>\n<h3>Implicaciones y recomendaciones: Urgencia de una alfabetizaci\u00f3n digital y regulaci\u00f3n<\/h3>\n<p>Frente a estos contundentes hallazgos, Sapien Labs hace un llamado a la acci\u00f3n, recomendando la aplicaci\u00f3n del <b>principio de precauci\u00f3n<\/b>. Esto implica <b>limitar el acceso de menores de 13 a\u00f1os a los tel\u00e9fonos inteligentes<\/b>, una medida que busca proteger a la poblaci\u00f3n m\u00e1s vulnerable de los riesgos asociados a la sobreexposici\u00f3n digital.<\/p>\n<p>Adem\u00e1s de la limitaci\u00f3n, proponen la implementaci\u00f3n de una <b>alfabetizaci\u00f3n digital obligatoria<\/b>, que eduque a los j\u00f3venes sobre el uso responsable de la tecnolog\u00eda, los riesgos del ciberacoso, la protecci\u00f3n de la privacidad y el desarrollo de un pensamiento cr\u00edtico frente a la informaci\u00f3n y los est\u00edmulos en l\u00ednea. La organizaci\u00f3n va un paso m\u00e1s all\u00e1, sugiriendo <b>regulaciones similares a las del alcohol y el tabaco<\/b>, argumentando que <b>\u00abla magnitud del da\u00f1o potencial es demasiado grande como para ser ignorada\u00bb<\/b>.<\/p>\n<p>Aunque los autores reconocen que el estudio se basa en un an\u00e1lisis de datos a gran escala y no en ensayos cl\u00ednicos controlados, insisten en que la <b>evidencia acumulada es lo suficientemente s\u00f3lida<\/b> como para justificar la toma de <b>medidas preventivas urgentes<\/b>. La protecci\u00f3n de las futuras generaciones frente a los riesgos de un uso no regulado y prematuro de la tecnolog\u00eda es un desaf\u00edo que la sociedad debe abordar de manera proactiva.<\/p>\n<p>\u00bfConsideras que las regulaciones propuestas son suficientes para abordar esta creciente preocupaci\u00f3n de salud p\u00fablica?<\/p>\n","protected":false},"excerpt":{"rendered":"<p>La investigaci\u00f3n, publicada en el Journal of Human Development and Capabilities, se\u00f1ala que quienes recibieron su primer celular antes de<\/p>\n","protected":false},"author":1,"featured_media":10832,"comment_status":"closed","ping_status":"closed","sticky":false,"template":"","format":"standard","meta":{"kia_subtitle":"Un reciente estudio de Sapien Labs ha encendido las alarmas al vincular el acceso temprano a tel\u00e9fonos inteligentes con un mayor riesgo de problemas de salud mental en j\u00f3venes.","footnotes":"","jetpack_publicize_message":"","jetpack_publicize_feature_enabled":true,"jetpack_social_post_already_shared":true,"jetpack_social_options":{"image_generator_settings":{"template":"highway","default_image_id":0,"font":"","enabled":false},"version":2}},"categories":[15,70],"tags":[],"class_list":["post-118041","post","type-post","status-publish","format-standard","has-post-thumbnail","hentry","category-tendencias","category-salud"],"jetpack_publicize_connections":[],"jetpack_featured_media_url":"https:\/\/laurbedigital.com.ar\/noticias\/wp-content\/uploads\/2018\/01\/20180105-tend.jpg","_links":{"self":[{"href":"https:\/\/laurbedigital.com.ar\/noticias\/wp-json\/wp\/v2\/posts\/118041","targetHints":{"allow":["GET"]}}],"collection":[{"href":"https:\/\/laurbedigital.com.ar\/noticias\/wp-json\/wp\/v2\/posts"}],"about":[{"href":"https:\/\/laurbedigital.com.ar\/noticias\/wp-json\/wp\/v2\/types\/post"}],"author":[{"embeddable":true,"href":"https:\/\/laurbedigital.com.ar\/noticias\/wp-json\/wp\/v2\/users\/1"}],"replies":[{"embeddable":true,"href":"https:\/\/laurbedigital.com.ar\/noticias\/wp-json\/wp\/v2\/comments?post=118041"}],"version-history":[{"count":1,"href":"https:\/\/laurbedigital.com.ar\/noticias\/wp-json\/wp\/v2\/posts\/118041\/revisions"}],"predecessor-version":[{"id":118042,"href":"https:\/\/laurbedigital.com.ar\/noticias\/wp-json\/wp\/v2\/posts\/118041\/revisions\/118042"}],"wp:featuredmedia":[{"embeddable":true,"href":"https:\/\/laurbedigital.com.ar\/noticias\/wp-json\/wp\/v2\/media\/10832"}],"wp:attachment":[{"href":"https:\/\/laurbedigital.com.ar\/noticias\/wp-json\/wp\/v2\/media?parent=118041"}],"wp:term":[{"taxonomy":"category","embeddable":true,"href":"https:\/\/laurbedigital.com.ar\/noticias\/wp-json\/wp\/v2\/categories?post=118041"},{"taxonomy":"post_tag","embeddable":true,"href":"https:\/\/laurbedigital.com.ar\/noticias\/wp-json\/wp\/v2\/tags?post=118041"}],"curies":[{"name":"wp","href":"https:\/\/api.w.org\/{rel}","templated":true}]}}