{"id":118037,"date":"2025-07-22T01:40:58","date_gmt":"2025-07-22T04:40:58","guid":{"rendered":"https:\/\/laurbedigital.com.ar\/noticias\/?p=118037"},"modified":"2025-07-22T01:40:58","modified_gmt":"2025-07-22T04:40:58","slug":"blackout-challenge","status":"publish","type":"post","link":"https:\/\/laurbedigital.com.ar\/noticias\/2025\/07\/22\/blackout-challenge\/","title":{"rendered":"\u00abBlackout Challenge\u00bb: La mortal tendencia viral que vuelve a amenazar en TikTok"},"content":{"rendered":"<h3>El resurgimiento de un reto letal y sus tr\u00e1gicas consecuencias<\/h3>\n<p>El <b>\u00abBlackout Challenge\u00bb<\/b>, una perturbadora tendencia viral, ha vuelto a ganar tracci\u00f3n entre adolescentes a nivel global, generando una profunda preocupaci\u00f3n. Este desaf\u00edo, intr\u00ednsecamente peligroso, insta a los participantes a <b>interrumpir el flujo de ox\u00edgeno al cerebro<\/b> hasta el punto de la inconsciencia, todo mientras se graban y comparten el video en redes sociales, especialmente en <b>TikTok<\/b>, en busca de reconocimiento y validaci\u00f3n. Las consecuencias de este \u00abjuego\u00bb son devastadoras y a menudo fatales.<\/p>\n<p>Recientemente, la tragedia golpe\u00f3 a Inglaterra con el caso de <b>Sebastian, un ni\u00f1o de 12 a\u00f1os<\/b> que fue encontrado inconsciente durante la comuni\u00f3n de su hermano menor, tras intentar el reto usando una bufanda. Lamentablemente, falleci\u00f3 poco despu\u00e9s. Este suceso se suma a una lista creciente de v\u00edctimas que han sucumbido a la peligrosidad de este desaf\u00edo, que ya ha causado muertes en Argentina y otros pa\u00edses, encendiendo las alarmas sobre la necesidad de una mayor conciencia y acci\u00f3n.<\/p>\n<h3>Impacto en Argentina: El doloroso precedente de Milagros Soto<\/h3>\n<p>Argentina no ha sido ajena a las consecuencias fatales del \u00abBlackout Challenge\u00bb. En 2023, <b>Milagros Soto, tambi\u00e9n de 12 a\u00f1os<\/b>, perdi\u00f3 la vida en Capit\u00e1n Berm\u00fadez, Santa Fe, al intentar cumplir este desaf\u00edo. La autopsia confirm\u00f3 que la causa de su muerte fue <b>asfixia mec\u00e1nica<\/b>, un tr\u00e1gico desenlace que qued\u00f3 registrado en una videollamada grupal desde su propio celular. El caso de Milagros puso de manifiesto la urgencia de abordar esta problem\u00e1tica, resaltando la vulnerabilidad de los j\u00f3venes ante este tipo de contenidos virales.<\/p>\n<p>Estos incidentes subrayan la grave responsabilidad que recae sobre las plataformas digitales y la necesidad de una mayor protecci\u00f3n para los menores. La b\u00fasqueda de popularidad en un entorno digital sin una adecuada supervisi\u00f3n y educaci\u00f3n puede llevar a los adolescentes a subestimar riesgos mortales, creyendo err\u00f3neamente que pueden controlar situaciones que escapan por completo a su manejo.<\/p>\n<h3>La voz de los expertos: Adicci\u00f3n temprana y v\u00ednculos digitales<\/h3>\n<p>El doctor en psicolog\u00eda <b>Luciano Lutereau<\/b>, en di\u00e1logo con C5N, ofreci\u00f3 una perspectiva contundente sobre el fen\u00f3meno. Seg\u00fan Lutereau, la sociedad actual ha incorporado la pantalla como una forma primordial de relaci\u00f3n con uno mismo, donde <b>\u00abser vistos es m\u00e1s importante que vivir\u00bb<\/b>. El especialista advierte que estos desaf\u00edos virales no son eventos aislados, sino la <b>consecuencia directa de una cultura digital desprovista de regulaci\u00f3n emocional e institucional<\/b>.<\/p>\n<p>El fen\u00f3meno de la adicci\u00f3n temprana y silenciosa a las pantallas, que comienza en la infancia con la exposici\u00f3n constante a c\u00e1maras, celulares y redes sociales, es un factor clave. Los ni\u00f1os y adolescentes, en su b\u00fasqueda de <b>validaci\u00f3n digital<\/b>, se ven empujados a repetir pr\u00e1cticas extremas sin dimensionar los riesgos reales. Lutereau enfatiza que <b>\u00ablos j\u00f3venes se buscan a s\u00ed mismos a trav\u00e9s de lo extremo. Lo hacen para pertenecer, para mostrarse, para no quedar afuera\u00bb<\/b>, revelando la profunda presi\u00f3n social que sienten en el entorno digital. Los da\u00f1os posibles de participar en el \u00abBlackout Challenge\u00bb incluyen <b>da\u00f1o cerebral permanente, paro card\u00edaco y, lamentablemente, la muerte por asfixia<\/b>.<\/p>\n<h3>El rol de las plataformas y la responsabilidad compartida<\/h3>\n<p>A pesar de las m\u00faltiples muertes registradas a causa del \u00abBlackout Challenge\u00bb y desaf\u00edos similares, <b>TikTok y otras redes sociales contin\u00faan permitiendo la circulaci\u00f3n de estos contenidos<\/b>. Si bien han implementado medidas para eliminar algunos hashtags como <b>#BlackoutChallenge<\/b>, estos a menudo reaparecen con nombres alternativos o palabras clave modificadas para evadir la moderaci\u00f3n de las plataformas. Esta situaci\u00f3n genera un debate crucial sobre la responsabilidad de las empresas tecnol\u00f3gicas en la protecci\u00f3n de sus usuarios m\u00e1s j\u00f3venes.<\/p>\n<p>Es fundamental que las plataformas inviertan m\u00e1s en <b>algoritmos de detecci\u00f3n proactiva<\/b>, moderaci\u00f3n humana y mecanismos de denuncia efectivos que permitan identificar y eliminar r\u00e1pidamente este tipo de contenido peligroso. La cooperaci\u00f3n con autoridades y organizaciones dedicadas a la seguridad infantil en l\u00ednea es esencial para desarrollar estrategias m\u00e1s robustas.<\/p>\n<h3>Gu\u00eda para familias y docentes: Protecci\u00f3n y di\u00e1logo<\/h3>\n<p>Ante la persistencia de estos riesgos, es vital que <b>familias y docentes<\/b> asuman un rol proactivo en la protecci\u00f3n de ni\u00f1os y adolescentes. Aqu\u00ed algunos consejos clave:<\/p>\n<ul>\n<li><b>Dialogar abiertamente sobre los desaf\u00edos virales y sus consecuencias<\/b>: Es fundamental explicar a los j\u00f3venes los peligros reales detr\u00e1s de estas \u00abmodas\u00bb en l\u00ednea.<\/li>\n<li><b>Supervisar el uso de redes sin caer en el control excesivo<\/b>: Encontrar un equilibrio entre la privacidad y la seguridad, fomentando la confianza y la comunicaci\u00f3n.<\/li>\n<li><b>Ense\u00f1ar a diferenciar entre \u00abcontenido viral\u00bb y \u00abriesgo real\u00bb<\/b>: Educar sobre el pensamiento cr\u00edtico y la capacidad de discernir informaci\u00f3n en l\u00ednea.<\/li>\n<li><b>Promover v\u00ednculos presenciales, afectivos y saludables<\/b>: Fomentar actividades fuera de las pantallas y reforzar las relaciones interpersonales.<\/li>\n<\/ul>\n<p>Si necesitas ayuda o conoces a alguien que est\u00e9 expuesto a situaciones de violencia o riesgo en l\u00ednea, no dudes en llamar a la <b>L\u00ednea 102<\/b>. Es un servicio gratuito y confidencial, que ofrece atenci\u00f3n especializada sobre los derechos de ni\u00f1as, ni\u00f1os y adolescentes. En caso de una emergencia, comunicate de inmediato al <b>911<\/b>. La prevenci\u00f3n y la concientizaci\u00f3n son herramientas poderosas para proteger a nuestros j\u00f3venes de los peligros del mundo digital.<\/p>\n","protected":false},"excerpt":{"rendered":"<p>El resurgimiento de un reto letal y sus tr\u00e1gicas consecuencias El \u00abBlackout Challenge\u00bb, una perturbadora tendencia viral, ha vuelto a<\/p>\n","protected":false},"author":1,"featured_media":87333,"comment_status":"closed","ping_status":"closed","sticky":false,"template":"","format":"standard","meta":{"kia_subtitle":"El peligroso desaf\u00edo viral conocido como \"Blackout Challenge\" o \"juego del desmayo\" ha resurgido en la plataforma TikTok, cobr\u00e1ndose la vida de adolescentes en diversos pa\u00edses. Esta pr\u00e1ctica extrema incita a los j\u00f3venes a provocarse asfixia intencionalmente mientras se graban, buscando \"valent\u00eda\" y popularidad digital. Expertos alertan sobre la vulnerabilidad de los adolescentes ante este tipo de contenidos y la creciente adicci\u00f3n a las pantallas.","footnotes":"","jetpack_publicize_message":"","jetpack_publicize_feature_enabled":true,"jetpack_social_post_already_shared":true,"jetpack_social_options":{"image_generator_settings":{"template":"highway","default_image_id":0,"font":"","enabled":false},"version":2}},"categories":[15],"tags":[],"class_list":["post-118037","post","type-post","status-publish","format-standard","has-post-thumbnail","hentry","category-tendencias"],"jetpack_publicize_connections":[],"jetpack_featured_media_url":"https:\/\/laurbedigital.com.ar\/noticias\/wp-content\/uploads\/2023\/01\/20230116-Tiktok.jpg","_links":{"self":[{"href":"https:\/\/laurbedigital.com.ar\/noticias\/wp-json\/wp\/v2\/posts\/118037","targetHints":{"allow":["GET"]}}],"collection":[{"href":"https:\/\/laurbedigital.com.ar\/noticias\/wp-json\/wp\/v2\/posts"}],"about":[{"href":"https:\/\/laurbedigital.com.ar\/noticias\/wp-json\/wp\/v2\/types\/post"}],"author":[{"embeddable":true,"href":"https:\/\/laurbedigital.com.ar\/noticias\/wp-json\/wp\/v2\/users\/1"}],"replies":[{"embeddable":true,"href":"https:\/\/laurbedigital.com.ar\/noticias\/wp-json\/wp\/v2\/comments?post=118037"}],"version-history":[{"count":1,"href":"https:\/\/laurbedigital.com.ar\/noticias\/wp-json\/wp\/v2\/posts\/118037\/revisions"}],"predecessor-version":[{"id":118038,"href":"https:\/\/laurbedigital.com.ar\/noticias\/wp-json\/wp\/v2\/posts\/118037\/revisions\/118038"}],"wp:featuredmedia":[{"embeddable":true,"href":"https:\/\/laurbedigital.com.ar\/noticias\/wp-json\/wp\/v2\/media\/87333"}],"wp:attachment":[{"href":"https:\/\/laurbedigital.com.ar\/noticias\/wp-json\/wp\/v2\/media?parent=118037"}],"wp:term":[{"taxonomy":"category","embeddable":true,"href":"https:\/\/laurbedigital.com.ar\/noticias\/wp-json\/wp\/v2\/categories?post=118037"},{"taxonomy":"post_tag","embeddable":true,"href":"https:\/\/laurbedigital.com.ar\/noticias\/wp-json\/wp\/v2\/tags?post=118037"}],"curies":[{"name":"wp","href":"https:\/\/api.w.org\/{rel}","templated":true}]}}