{"id":118025,"date":"2025-07-21T03:11:34","date_gmt":"2025-07-21T06:11:34","guid":{"rendered":"https:\/\/laurbedigital.com.ar\/noticias\/?p=118025"},"modified":"2025-07-21T15:37:34","modified_gmt":"2025-07-21T18:37:34","slug":"dia-mundial-del-perro","status":"publish","type":"post","link":"https:\/\/laurbedigital.com.ar\/noticias\/2025\/07\/21\/dia-mundial-del-perro\/","title":{"rendered":"D\u00eda Mundial del Perro: una celebraci\u00f3n anual cada 21 de julio"},"content":{"rendered":"<p>Cada <b>21 de julio<\/b> se celebra el <b>D\u00eda Mundial del Perro<\/b>, una fecha dedicada a honrar y agradecer la incondicional compa\u00f1\u00eda, lealtad y amor que estos animales brindan a los seres humanos en todo el planeta. M\u00e1s all\u00e1 de ser una simple mascota, el perro ha demostrado ser un compa\u00f1ero esencial en la vida de millones de personas, desempe\u00f1ando roles que van desde el apoyo emocional hasta el servicio vital.<\/p>\n<h3>Un v\u00ednculo milenario y multifac\u00e9tico<\/h3>\n<p>La relaci\u00f3n entre humanos y perros se remonta a miles de a\u00f1os. Desde su domesticaci\u00f3n, estos animales han evolucionado junto a nosotros, convirti\u00e9ndose en una parte integral de nuestras sociedades. Su capacidad para la empat\u00eda, su agudeza sensorial y su instinto protector los han hecho compa\u00f1eros ideales en diversas tareas y situaciones.<\/p>\n<p>Hoy en d\u00eda, la presencia del perro es fundamental en muchos \u00e1mbitos:<\/p>\n<ul>\n<li><b>Compa\u00f1\u00eda y apoyo emocional<\/b>: Numerosos estudios demuestran que la interacci\u00f3n con perros reduce el estr\u00e9s, la ansiedad y la soledad, mejorando significativamente la salud mental y f\u00edsica de las personas. Son una fuente de alegr\u00eda y confort, especialmente para aquellos que viven solos o atraviesan momentos dif\u00edciles.<\/li>\n<li><b>Perros de asistencia<\/b>: Gu\u00edas para personas con discapacidad visual, de servicio para individuos con movilidad reducida, de alerta para quienes padecen diabetes o epilepsia, y de terapia en hospitales y centros educativos. Su entrenamiento especializado les permite brindar una autonom\u00eda y seguridad invaluables.<\/li>\n<li><b>Trabajo y seguridad<\/b>: Desde perros polic\u00eda y de rescate que salvan vidas en desastres naturales, hasta perros detectores que ayudan a prevenir delitos. Su olfato y agilidad son herramientas cruciales en labores de b\u00fasqueda y protecci\u00f3n.<\/li>\n<\/ul>\n<h3>Conciencia y responsabilidad: m\u00e1s all\u00e1 de la celebraci\u00f3n<\/h3>\n<p>El D\u00eda Mundial del Perro no es solo una jornada para festejar, sino tambi\u00e9n una oportunidad para reflexionar sobre la <b>responsabilidad<\/b> que implica tener un animal a cargo. Es un recordatorio de la importancia de la adopci\u00f3n, la tenencia responsable y la lucha contra el abandono y el maltrato animal.<\/p>\n<p>Organizaciones de todo el mundo aprovechan esta fecha para promover campa\u00f1as de concienciaci\u00f3n sobre:<\/p>\n<ul>\n<li><b>Adopci\u00f3n responsable<\/b>: Incentivar a las personas a adoptar perros de refugios y protectoras, ofreci\u00e9ndoles una segunda oportunidad.<\/li>\n<li><b>Esterilizaci\u00f3n<\/b>: Combatir la superpoblaci\u00f3n canina y reducir el n\u00famero de animales abandonados.<\/li>\n<li><b>Bienestar animal<\/b>: Asegurar que todos los perros tengan acceso a alimentaci\u00f3n adecuada, atenci\u00f3n veterinaria, ejercicio y, sobre todo, mucho amor y respeto.<\/li>\n<\/ul>\n<p>Celebrar el D\u00eda Mundial del Perro es reconocer su valioso aporte a nuestras vidas y reafirmar nuestro compromiso con su bienestar y protecci\u00f3n. \u00bfC\u00f3mo celebr\u00e1s a tu compa\u00f1ero canino hoy?<\/p>\n","protected":false},"excerpt":{"rendered":"<p>Cada 21 de julio se celebra el D\u00eda Mundial del Perro, una fecha dedicada a honrar y agradecer la incondicional<\/p>\n","protected":false},"author":1,"featured_media":111751,"comment_status":"closed","ping_status":"closed","sticky":false,"template":"","format":"standard","meta":{"kia_subtitle":"Una fecha especial para reconocer a nuestras queridas mascotas y concienciar sobre la importancia del cuidado y la adopci\u00f3n responsable.","footnotes":"","jetpack_publicize_message":"","jetpack_publicize_feature_enabled":true,"jetpack_social_post_already_shared":true,"jetpack_social_options":{"image_generator_settings":{"template":"highway","default_image_id":0,"font":"","enabled":false},"version":2}},"categories":[5,2594],"tags":[],"class_list":["post-118025","post","type-post","status-publish","format-standard","has-post-thumbnail","hentry","category-cultura","category-efemerides"],"jetpack_publicize_connections":[],"jetpack_featured_media_url":"https:\/\/laurbedigital.com.ar\/noticias\/wp-content\/uploads\/2024\/12\/20241216-Perro.jpg","_links":{"self":[{"href":"https:\/\/laurbedigital.com.ar\/noticias\/wp-json\/wp\/v2\/posts\/118025","targetHints":{"allow":["GET"]}}],"collection":[{"href":"https:\/\/laurbedigital.com.ar\/noticias\/wp-json\/wp\/v2\/posts"}],"about":[{"href":"https:\/\/laurbedigital.com.ar\/noticias\/wp-json\/wp\/v2\/types\/post"}],"author":[{"embeddable":true,"href":"https:\/\/laurbedigital.com.ar\/noticias\/wp-json\/wp\/v2\/users\/1"}],"replies":[{"embeddable":true,"href":"https:\/\/laurbedigital.com.ar\/noticias\/wp-json\/wp\/v2\/comments?post=118025"}],"version-history":[{"count":1,"href":"https:\/\/laurbedigital.com.ar\/noticias\/wp-json\/wp\/v2\/posts\/118025\/revisions"}],"predecessor-version":[{"id":118026,"href":"https:\/\/laurbedigital.com.ar\/noticias\/wp-json\/wp\/v2\/posts\/118025\/revisions\/118026"}],"wp:featuredmedia":[{"embeddable":true,"href":"https:\/\/laurbedigital.com.ar\/noticias\/wp-json\/wp\/v2\/media\/111751"}],"wp:attachment":[{"href":"https:\/\/laurbedigital.com.ar\/noticias\/wp-json\/wp\/v2\/media?parent=118025"}],"wp:term":[{"taxonomy":"category","embeddable":true,"href":"https:\/\/laurbedigital.com.ar\/noticias\/wp-json\/wp\/v2\/categories?post=118025"},{"taxonomy":"post_tag","embeddable":true,"href":"https:\/\/laurbedigital.com.ar\/noticias\/wp-json\/wp\/v2\/tags?post=118025"}],"curies":[{"name":"wp","href":"https:\/\/api.w.org\/{rel}","templated":true}]}}