{"id":118023,"date":"2025-07-21T03:07:01","date_gmt":"2025-07-21T06:07:01","guid":{"rendered":"https:\/\/laurbedigital.com.ar\/noticias\/?p=118023"},"modified":"2025-07-21T03:07:29","modified_gmt":"2025-07-21T06:07:29","slug":"ypf-aplica-un-nuevo-aumento-en-combustibles","status":"publish","type":"post","link":"https:\/\/laurbedigital.com.ar\/noticias\/2025\/07\/21\/ypf-aplica-un-nuevo-aumento-en-combustibles\/","title":{"rendered":"YPF aplica un nuevo aumento en combustibles"},"content":{"rendered":"<h3>Precios din\u00e1micos y estrategia de mercado<\/h3>\n<p>YPF inform\u00f3 que esta suba se enmarca en su nueva <b>pol\u00edtica de precios din\u00e1micos<\/b>, la cual le permite realizar microajustes continuos para adecuar los valores a la <b>oferta y la demanda<\/b>, las franjas horarias y las diferentes regiones del pa\u00eds. Este sistema es posible gracias a la reciente inauguraci\u00f3n del <b>Centro de Monitoreo en Tiempo Real (RTIC)<\/b> de la cadena de comercializaci\u00f3n, una herramienta que optimiza las decisiones comerciales de la compa\u00f1\u00eda.<\/p>\n<p>Como parte de esta estrategia, se mantiene el <b>descuento del 3%<\/b> en el precio para el horario nocturno, de 0 a 6 AM, para quienes abonen con la aplicaci\u00f3n de YPF. Adem\u00e1s, en las estaciones de servicio que operan con la modalidad de <b>autodespacho<\/b> (actualmente en prueba piloto en seis puntos), se suma un <b>beneficio adicional del 3%<\/b>, lo que podr\u00eda significar un descuento total del 6% en esos casos. Incluso, en algunas estaciones ya se pueden observar <b>precios diferenciados en color celeste<\/b>, indicando en el futuro el producto m\u00e1s econ\u00f3mico del barrio o promociones puntuales.<\/p>\n<h3>La brecha con la competencia y los \u00faltimos ajustes<\/h3>\n<p>Este incremento del 2,5% llega luego de que, a principios de julio, YPF aplicara un aumento del 3,5% promedio a nivel nacional (2,5% en la Ciudad de Buenos Aires). Ese ajuste inicial hab\u00eda ampliado la brecha de precios con otras petroleras importantes como Shell, Axion y Puma Energy. Con este nuevo aumento, YPF busca <b>cerrar esa diferencia<\/b> y consolidar su posici\u00f3n en el mercado.<\/p>\n<p>Los costos de la nafta y el gasoil han experimentado fuertes alzas desde principios de junio, impulsados principalmente por el precio del petr\u00f3leo y la variaci\u00f3n del d\u00f3lar. Estos factores son clave para la pol\u00edtica de precios de YPF, que busca reflejar los movimientos del mercado internacional mientras mantiene su competitividad y el abastecimiento en todo el territorio argentino.<\/p>\n","protected":false},"excerpt":{"rendered":"<p>Precios din\u00e1micos y estrategia de mercado YPF inform\u00f3 que esta suba se enmarca en su nueva pol\u00edtica de precios din\u00e1micos,<\/p>\n","protected":false},"author":1,"featured_media":110153,"comment_status":"closed","ping_status":"closed","sticky":false,"template":"","format":"standard","meta":{"kia_subtitle":"Desde la medianoche de este domingo 20 de julio de 2025, la petrolera estatal YPF implement\u00f3 un nuevo aumento promedio del 2,5% en los precios de sus combustibles en todo el pa\u00eds. Esta actualizaci\u00f3n, la segunda en lo que va del mes, busca alinear los precios de YPF con los de sus competidores y responde al constante monitoreo de las variables que impactan en los costos de producci\u00f3n, especialmente la fluctuaci\u00f3n del precio del petr\u00f3leo crudo.","footnotes":"","jetpack_publicize_message":"","jetpack_publicize_feature_enabled":true,"jetpack_social_post_already_shared":true,"jetpack_social_options":{"image_generator_settings":{"template":"highway","default_image_id":0,"font":"","enabled":false},"version":2}},"categories":[3,41],"tags":[],"class_list":["post-118023","post","type-post","status-publish","format-standard","has-post-thumbnail","hentry","category-actualidad","category-nacionales"],"jetpack_publicize_connections":[],"jetpack_featured_media_url":"https:\/\/laurbedigital.com.ar\/noticias\/wp-content\/uploads\/2024\/10\/20241030-Nafta-combustibles-ypf.jpg","_links":{"self":[{"href":"https:\/\/laurbedigital.com.ar\/noticias\/wp-json\/wp\/v2\/posts\/118023","targetHints":{"allow":["GET"]}}],"collection":[{"href":"https:\/\/laurbedigital.com.ar\/noticias\/wp-json\/wp\/v2\/posts"}],"about":[{"href":"https:\/\/laurbedigital.com.ar\/noticias\/wp-json\/wp\/v2\/types\/post"}],"author":[{"embeddable":true,"href":"https:\/\/laurbedigital.com.ar\/noticias\/wp-json\/wp\/v2\/users\/1"}],"replies":[{"embeddable":true,"href":"https:\/\/laurbedigital.com.ar\/noticias\/wp-json\/wp\/v2\/comments?post=118023"}],"version-history":[{"count":1,"href":"https:\/\/laurbedigital.com.ar\/noticias\/wp-json\/wp\/v2\/posts\/118023\/revisions"}],"predecessor-version":[{"id":118024,"href":"https:\/\/laurbedigital.com.ar\/noticias\/wp-json\/wp\/v2\/posts\/118023\/revisions\/118024"}],"wp:featuredmedia":[{"embeddable":true,"href":"https:\/\/laurbedigital.com.ar\/noticias\/wp-json\/wp\/v2\/media\/110153"}],"wp:attachment":[{"href":"https:\/\/laurbedigital.com.ar\/noticias\/wp-json\/wp\/v2\/media?parent=118023"}],"wp:term":[{"taxonomy":"category","embeddable":true,"href":"https:\/\/laurbedigital.com.ar\/noticias\/wp-json\/wp\/v2\/categories?post=118023"},{"taxonomy":"post_tag","embeddable":true,"href":"https:\/\/laurbedigital.com.ar\/noticias\/wp-json\/wp\/v2\/tags?post=118023"}],"curies":[{"name":"wp","href":"https:\/\/api.w.org\/{rel}","templated":true}]}}