{"id":118021,"date":"2025-07-21T03:04:35","date_gmt":"2025-07-21T06:04:35","guid":{"rendered":"https:\/\/laurbedigital.com.ar\/noticias\/?p=118021"},"modified":"2025-07-21T03:04:35","modified_gmt":"2025-07-21T06:04:35","slug":"la-imagen-de-milei-en-declive","status":"publish","type":"post","link":"https:\/\/laurbedigital.com.ar\/noticias\/2025\/07\/21\/la-imagen-de-milei-en-declive\/","title":{"rendered":"La imagen de Milei en declive: crece el \u00abantimile\u00edsmo\u00bb y se acent\u00faa la polarizaci\u00f3n pol\u00edtica en Argentina"},"content":{"rendered":"<h3>Desaprobaci\u00f3n creciente y el surgimiento del \u00abantimile\u00edsmo\u00bb<\/h3>\n<p>Seg\u00fan los resultados del informe, el <b>56,8% de los encuestados desaprueba la gesti\u00f3n del gobierno de Javier Milei<\/b>, mientras que solo el 42,8% la aprueba. Este dato se complementa con el surgimiento y la consolidaci\u00f3n del <b>\u00abantimile\u00edsmo\u00bb<\/b> como una identidad pol\u00edtica definida: el <b>53,6% de los consultados expresa su oposici\u00f3n al gobierno<\/b>, frente a un 28,1% que se identifica como mile\u00edsta. Esta brecha marca un incremento en la polarizaci\u00f3n que, seg\u00fan el estudio, se ha intensificado desde enero de 2025, cuando el \u00abantimile\u00edsmo\u00bb se ubicaba en 46,5% y el \u00abmile\u00edsmo\u00bb en 32,4%.<\/p>\n<p>La imagen personal del presidente tambi\u00e9n refleja esta tendencia: el <b>57,5% desaprueba la imagen de Milei<\/b>, contra un 41,9% que la aprueba. La vicepresidenta Victoria Villarruel no escapa a esta din\u00e1mica, registrando un 55,3% de rechazo y un 38,6% de imagen favorable.<\/p>\n<h3>El \u00abvoto castigo\u00bb toma fuerza de cara a las legislativas<\/h3>\n<p>El estudio, dirigido por Gustavo C\u00f3rdoba y Paola Zuban, anticipa un panorama complejo para las pr\u00f3ximas <b>elecciones legislativas<\/b>. M\u00e1s del <b>52% del electorado manifest\u00f3 que votar\u00eda para \u00abcastigar\u00bb al gobierno<\/b>, mientras que un 38,3% lo har\u00eda para \u00abpremiarlo\u00bb.<\/p>\n<p>Entre los motivos esgrimidos por quienes optar\u00edan por el \u00abvoto castigo\u00bb, se destacan la <b>\u00abdestrucci\u00f3n del Estado y las pol\u00edticas p\u00fablicas\u00bb (25,5%)<\/b> y la percepci\u00f3n de un <b>gobierno \u00abcruel\u00bb (25,4%)<\/b>. Por otro lado, quienes apoyan a La Libertad Avanza (LLA) justifican su respaldo principalmente en el <b>\u00abcontrol de la inflaci\u00f3n\u00bb (25,1%)<\/b>, la <b>\u00abhonestidad\u00bb (23,6%)<\/b> y el <b>\u00abenfrentamiento con la &#8216;casta pol\u00edtica'\u00bb (19,7%)<\/b>.<\/p>\n<h3>Polarizaci\u00f3n pol\u00edtica: kirchnerismo vs. mile\u00edsmo<\/h3>\n<p>El informe reitera la profundizaci\u00f3n de la <b>polarizaci\u00f3n pol\u00edtica<\/b> en Argentina, que parece concentrarse entre el <b>mile\u00edsmo y el kirchnerismo<\/b>. Al ser consultados sobre su identificaci\u00f3n pol\u00edtica actual, el <b>45,2% de los encuestados se considera \u00abantikirchnerista\u00bb<\/b>, mientras que el 34,3% se define como \u00abkirchnerista\u00bb. No obstante, se observa un cambio notable respecto a enero de 2025, cuando el \u00abantikirchnerismo\u00bb alcanzaba el 52,6% y el \u00abkirchnerismo\u00bb el 27,9%. Esto sugiere una reconfiguraci\u00f3n de las identidades pol\u00edticas tradicionales.<\/p>\n<p>El estudio subraya que \u00ablos datos hablan de v\u00ednculos rotos, de expectativas defraudadas, y de un Estado que muchos perciben como distante \u2014o incluso hostil\u2014\u00bb. Esta crisis de representaci\u00f3n pol\u00edtica se ve reflejada en que, si bien el 68,1% de los encuestados cree que su voto tiene impacto en las decisiones pol\u00edticas, <b>uno de cada cinco considera no votar en octubre<\/b>, lo que podr\u00eda indicar un desinter\u00e9s creciente o una desconexi\u00f3n con las opciones pol\u00edticas actuales. La consultora concluye que es imperativo para la clase pol\u00edtica \u00abdejar de mirar solo a los trolls y empezar a preguntarse por los v\u00ednculos reales con la ciudadan\u00eda\u00bb.<\/p>\n","protected":false},"excerpt":{"rendered":"<p>Desaprobaci\u00f3n creciente y el surgimiento del \u00abantimile\u00edsmo\u00bb Seg\u00fan los resultados del informe, el 56,8% de los encuestados desaprueba la gesti\u00f3n<\/p>\n","protected":false},"author":1,"featured_media":117460,"comment_status":"closed","ping_status":"closed","sticky":false,"template":"","format":"standard","meta":{"kia_subtitle":"Una reciente encuesta de la consultora Zuban C\u00f3rdoba ha puesto de manifiesto una ca\u00edda en la imagen del presidente Javier Milei y un notable crecimiento del \"antimile\u00edsmo\" como identidad pol\u00edtica, en un a\u00f1o crucial marcado por las elecciones legislativas. El estudio revela una profundizaci\u00f3n de la polarizaci\u00f3n en el escenario pol\u00edtico argentino, con implicaciones significativas para el panorama electoral.","footnotes":"","jetpack_publicize_message":"","jetpack_publicize_feature_enabled":true,"jetpack_social_post_already_shared":true,"jetpack_social_options":{"image_generator_settings":{"template":"highway","default_image_id":0,"font":"","enabled":false},"version":2}},"categories":[3,41],"tags":[],"class_list":["post-118021","post","type-post","status-publish","format-standard","has-post-thumbnail","hentry","category-actualidad","category-nacionales"],"jetpack_publicize_connections":[],"jetpack_featured_media_url":"https:\/\/laurbedigital.com.ar\/noticias\/wp-content\/uploads\/2025\/07\/20260704-Milei.jpg","_links":{"self":[{"href":"https:\/\/laurbedigital.com.ar\/noticias\/wp-json\/wp\/v2\/posts\/118021","targetHints":{"allow":["GET"]}}],"collection":[{"href":"https:\/\/laurbedigital.com.ar\/noticias\/wp-json\/wp\/v2\/posts"}],"about":[{"href":"https:\/\/laurbedigital.com.ar\/noticias\/wp-json\/wp\/v2\/types\/post"}],"author":[{"embeddable":true,"href":"https:\/\/laurbedigital.com.ar\/noticias\/wp-json\/wp\/v2\/users\/1"}],"replies":[{"embeddable":true,"href":"https:\/\/laurbedigital.com.ar\/noticias\/wp-json\/wp\/v2\/comments?post=118021"}],"version-history":[{"count":1,"href":"https:\/\/laurbedigital.com.ar\/noticias\/wp-json\/wp\/v2\/posts\/118021\/revisions"}],"predecessor-version":[{"id":118022,"href":"https:\/\/laurbedigital.com.ar\/noticias\/wp-json\/wp\/v2\/posts\/118021\/revisions\/118022"}],"wp:featuredmedia":[{"embeddable":true,"href":"https:\/\/laurbedigital.com.ar\/noticias\/wp-json\/wp\/v2\/media\/117460"}],"wp:attachment":[{"href":"https:\/\/laurbedigital.com.ar\/noticias\/wp-json\/wp\/v2\/media?parent=118021"}],"wp:term":[{"taxonomy":"category","embeddable":true,"href":"https:\/\/laurbedigital.com.ar\/noticias\/wp-json\/wp\/v2\/categories?post=118021"},{"taxonomy":"post_tag","embeddable":true,"href":"https:\/\/laurbedigital.com.ar\/noticias\/wp-json\/wp\/v2\/tags?post=118021"}],"curies":[{"name":"wp","href":"https:\/\/api.w.org\/{rel}","templated":true}]}}